{"id":357711,"date":"2025-08-19T22:01:17","date_gmt":"2025-08-19T22:01:17","guid":{"rendered":"https:\/\/www.europesays.com\/de\/357711\/"},"modified":"2025-08-19T22:01:17","modified_gmt":"2025-08-19T22:01:17","slug":"herford-lehrerin-findet-gefaehrliche-wuergeschlange-im-komposthaufen-regional","status":"publish","type":"post","link":"https:\/\/www.europesays.com\/de\/357711\/","title":{"rendered":"Herford: Lehrerin findet gef\u00e4hrliche W\u00fcrgeschlange im Komposthaufen | Regional"},"content":{"rendered":"<p>Herford \u2013 <b>Was f\u00fcr eine Schock-Entdeckung im Gem\u00fcsegarten! Eigentlich hatte sich Lehrerin Anne F. (58) stets wohl zwischen ihren Pflanzen gef\u00fchlt. Doch am Montag lag pl\u00f6tzlich eine ausgewachsene Boa Constrictor auf ihrem Komposthaufen. <\/b><\/p>\n<p>Niemand wei\u00df, wie die W\u00fcrgeschlange (2,40 Meter lang, so schwer wie eine Wasserkiste) dort hinkam! Inzwischen z\u00fcngelt sie auf der Quarant\u00e4ne-Station im Tierpark Herford. \u201eIhr Zustand ist okay. Weiteres m\u00fcssen jetzt \u00e4rztliche Untersuchungen zeigen\u201c, sagt der Zoochef Thorsten Dodt (53).<\/p>\n<p><img decoding=\"async\" width=\"992\" height=\"558\" alt=\"Friedrich Thelen und Sarah Schneider brachten die K\u00f6nigsboa nach dem Fototermin zur\u00fcck auf die Quarant\u00e4ne-Station\" src=\"https:\/\/www.europesays.com\/de\/wp-content\/uploads\/2025\/08\/087b63fb4213ccc8ac18e2b9996bd7dd,10a73119\"   class=\"landscape\" loading=\"lazy\"\/><\/p>\n<p class=\"fig__caption__text\">Friedrich Thelen und Sarah Schneider brachten die K\u00f6nigsboa nach dem Fototermin zur\u00fcck auf die Quarant\u00e4ne-Station<\/p>\n<p>Foto: Andreas Wegener<\/p>\n<p>\u201eEs war erschreckend!\u201c<\/p>\n<p>Kurz vor 15 Uhr will Anne F. am Montag die Gie\u00dfkannen f\u00fcllen, geht dazu nach hinten in den <a href=\"https:\/\/www.bild.de\/lifestyle\/haus-garten\/haus-und-garten\/home-15721894.bild.html\" class=\"text-link\" rel=\"nofollow noopener\" target=\"_blank\">Garten<\/a>, vorbei am K\u00fcrbis, der auf dem Komposthaufen w\u00e4chst. Die Lehrerin zu BILD: \u201eZwischen den Bl\u00e4ttern sah ich etwas, was da nicht hingeh\u00f6rt. Es sah aus wie ein Krempelhut. Als ich n\u00e4her hinschaute, erkannte ich die Schuppen und die Musterung. Es war eine <a href=\"https:\/\/www.bild.de\/themen\/specials\/schlange-aktuelle-news-und-infos-pcL7De8WXwFtF44E8x1g\" class=\"text-link\" rel=\"nofollow noopener\" target=\"_blank\">Schlange<\/a>, es war erschreckend!\u201c<\/p>\n<p><img decoding=\"async\" width=\"992\" height=\"1178\" alt=\"Dieses Foto schossen Polizisten mit dem Handy von dem ungew\u00f6hnlichen Besucher im Komposthaufen\" src=\"https:\/\/www.europesays.com\/de\/wp-content\/uploads\/2025\/08\/d6506c3ad343c63906fc0ac44417335d,2e6b7675\"   class=\"portrait\" loading=\"lazy\"\/><\/p>\n<p class=\"fig__caption__text\">Dieses Foto schossen Polizisten mit dem Handy von dem ungew\u00f6hnlichen Besucher im Komposthaufen<\/p>\n<p>Foto: -\/Kreispolizeibeh\u00f6rde Herford\/dpa<\/p>\n<p>Mit ihrem Mann ruft sie die <a href=\"https:\/\/www.bild.de\/regional\/aktuelles\/polizei\/polizeieinsatz-alle-infos-76681760.bild.html\" class=\"text-link\" rel=\"nofollow noopener\" target=\"_blank\">Polizei<\/a>. Ein Streifenwagen kommt in die Wohnsiedlung. \u201eDie Beamten haben sicher gedacht, dass es eine harmlose Ringelnatter ist und sie uns nur dar\u00fcber aufkl\u00e4ren m\u00fcssen\u201c, sagt Anne F.  Doch die Beamten staunen nicht schlecht, als sie kurz darauf das armdicke Tier sehen. <\/p>\n<p><img decoding=\"async\" width=\"992\" height=\"558\" alt=\"Die Schlange muss sich derzeit im Zoo erholen. Wer vermisst sie?\" src=\"https:\/\/www.europesays.com\/de\/wp-content\/uploads\/2025\/08\/75d58939ca988d4f11b3d72617658adb,b45da643\"   class=\"landscape\" loading=\"lazy\"\/><\/p>\n<p class=\"fig__caption__text\">Die Schlange muss sich derzeit im Zoo erholen. Wer vermisst sie?<\/p>\n<p>Foto: Andreas Wegener<\/p>\n<p>F\u00fcr die Schlange gibt es bald Kaninchen<\/p>\n<p>Thorsten Dodt, Chef vom Herforder Tierpark, r\u00fcckt mit seinen Kollegen an, im Gep\u00e4ck einen Schlangenhaken, Kiste und Fangsack. \u201eDie Boa sa\u00df da ganz gem\u00fctlich eingekringelt und lie\u00df sich ohne Widerstand greifen und in den Sack stecken\u201c, so Dodt. Im Tierpark kommt das etwa 12 Jahre alte Weibchen in ein eigenes Terrarium. \u201eDort hat sie W\u00e4rme, Licht und Wasser. Das ist alles, was sie jetzt braucht, sie muss sich erst einmal von dem Stress erholen.\u201c Wenn es ihr besser geht, stehen Kaninchen auf dem Speiseplan. F\u00fcr Tiere (auch Hunde) sei die Boa gef\u00e4hrlich, erwachsene Menschen m\u00fcssten sich jedoch keine Sorgen machen.<\/p>\n<p><b>Solche Schlangen d\u00fcrfe leider jeder in Deutschland halten, erkl\u00e4rt der Tierpark-Leiter. Die Polizei sucht jetzt den Halter. Ein Sprecher: \u201ePersonen, die Angaben zur Herkunft des Tieres oder einem m\u00f6glichen Eigent\u00fcmer machen k\u00f6nnen, werden gebeten, sich zu melden.\u201c Hinweise an die Polizei Herford, Tel. 05221 \/ 8880.<\/b><\/p>\n","protected":false},"excerpt":{"rendered":"Herford \u2013 Was f\u00fcr eine Schock-Entdeckung im Gem\u00fcsegarten! Eigentlich hatte sich Lehrerin Anne F. (58) stets wohl zwischen&hellip;\n","protected":false},"author":2,"featured_media":357712,"comment_status":"","ping_status":"","sticky":false,"template":"","format":"standard","meta":{"footnotes":""},"categories":[1841],"tags":[1605,3364,29,598,30,16398,1209,121,16244,45,1348,21427],"class_list":{"0":"post-357711","1":"post","2":"type-post","3":"status-publish","4":"format-standard","5":"has-post-thumbnail","7":"category-bielefeld","8":"tag-bielefeld","9":"tag-de","10":"tag-deutschland","11":"tag-garten","12":"tag-germany","13":"tag-herford","14":"tag-nordrhein-westfalen","15":"tag-polizei","16":"tag-schlange","17":"tag-texttospeech","18":"tag-wegener-andreas","19":"tag-wuergeschlange"},"share_on_mastodon":{"url":"https:\/\/pubeurope.com\/@de\/115057688176186338","error":""},"_links":{"self":[{"href":"https:\/\/www.europesays.com\/de\/wp-json\/wp\/v2\/posts\/357711","targetHints":{"allow":["GET"]}}],"collection":[{"href":"https:\/\/www.europesays.com\/de\/wp-json\/wp\/v2\/posts"}],"about":[{"href":"https:\/\/www.europesays.com\/de\/wp-json\/wp\/v2\/types\/post"}],"author":[{"embeddable":true,"href":"https:\/\/www.europesays.com\/de\/wp-json\/wp\/v2\/users\/2"}],"replies":[{"embeddable":true,"href":"https:\/\/www.europesays.com\/de\/wp-json\/wp\/v2\/comments?post=357711"}],"version-history":[{"count":0,"href":"https:\/\/www.europesays.com\/de\/wp-json\/wp\/v2\/posts\/357711\/revisions"}],"wp:featuredmedia":[{"embeddable":true,"href":"https:\/\/www.europesays.com\/de\/wp-json\/wp\/v2\/media\/357712"}],"wp:attachment":[{"href":"https:\/\/www.europesays.com\/de\/wp-json\/wp\/v2\/media?parent=357711"}],"wp:term":[{"taxonomy":"category","embeddable":true,"href":"https:\/\/www.europesays.com\/de\/wp-json\/wp\/v2\/categories?post=357711"},{"taxonomy":"post_tag","embeddable":true,"href":"https:\/\/www.europesays.com\/de\/wp-json\/wp\/v2\/tags?post=357711"}],"curies":[{"name":"wp","href":"https:\/\/api.w.org\/{rel}","templated":true}]}}