{"id":357999,"date":"2025-08-20T00:39:14","date_gmt":"2025-08-20T00:39:14","guid":{"rendered":"https:\/\/www.europesays.com\/de\/357999\/"},"modified":"2025-08-20T00:39:14","modified_gmt":"2025-08-20T00:39:14","slug":"ascheberg-mysterioese-fluessigkeit-auf-a1","status":"publish","type":"post","link":"https:\/\/www.europesays.com\/de\/357999\/","title":{"rendered":"ASCHEBERG: Mysteri\u00f6se Fl\u00fcssigkeit auf A1"},"content":{"rendered":"<p>Nachdem ein LKW am sp\u00e4ten Nachmittag in dem Bereich eine milchige Fl\u00fcssigkeit verloren hatte, war die Autobahn zwischen dem Kreuz M\u00fcnster-S\u00fcd und Ascheberg in Richtung Dortmund gesperrt. Polizei und Feuerwehr mussten zun\u00e4chst kl\u00e4ren, ob es sich nicht um ausgelaufene Chemikalien handelte. Das hat sich nicht best\u00e4tigt \u2013 stattdessen sei Weizenwasser ausgelaufen. Diese Lauge vom Weizen sei v\u00f6llig unproblematisch. Es sei zwar noch ein wei\u00dfer Film auf der Autobahn vorhanden \u2013 das sehe so aus wie Baustellendreck \u2013 rutschig oder gef\u00e4hrlich sei dieser Belag aber nicht. Die Autobahnmeisterei reinigt die A1 zwischen dem Kreuz M\u00fcnster-Nord und Ascheberg morgen w\u00e4hrend ihres normalen Tagesdienstes. Warum der LKW die Lauge verloren hat, ermittelt die Polizei noch.<\/p>\n","protected":false},"excerpt":{"rendered":"Nachdem ein LKW am sp\u00e4ten Nachmittag in dem Bereich eine milchige Fl\u00fcssigkeit verloren hatte, war die Autobahn zwischen&hellip;\n","protected":false},"author":2,"featured_media":358000,"comment_status":"","ping_status":"","sticky":false,"template":"","format":"standard","meta":{"footnotes":""},"categories":[1843],"tags":[58563,3364,29,30,8970,1209],"class_list":{"0":"post-357999","1":"post","2":"type-post","3":"status-publish","4":"format-standard","5":"has-post-thumbnail","7":"category-muenster","8":"tag-ascheberg","9":"tag-de","10":"tag-deutschland","11":"tag-germany","12":"tag-muenster","13":"tag-nordrhein-westfalen"},"share_on_mastodon":{"url":"https:\/\/pubeurope.com\/@de\/115058308777633169","error":""},"_links":{"self":[{"href":"https:\/\/www.europesays.com\/de\/wp-json\/wp\/v2\/posts\/357999","targetHints":{"allow":["GET"]}}],"collection":[{"href":"https:\/\/www.europesays.com\/de\/wp-json\/wp\/v2\/posts"}],"about":[{"href":"https:\/\/www.europesays.com\/de\/wp-json\/wp\/v2\/types\/post"}],"author":[{"embeddable":true,"href":"https:\/\/www.europesays.com\/de\/wp-json\/wp\/v2\/users\/2"}],"replies":[{"embeddable":true,"href":"https:\/\/www.europesays.com\/de\/wp-json\/wp\/v2\/comments?post=357999"}],"version-history":[{"count":0,"href":"https:\/\/www.europesays.com\/de\/wp-json\/wp\/v2\/posts\/357999\/revisions"}],"wp:featuredmedia":[{"embeddable":true,"href":"https:\/\/www.europesays.com\/de\/wp-json\/wp\/v2\/media\/358000"}],"wp:attachment":[{"href":"https:\/\/www.europesays.com\/de\/wp-json\/wp\/v2\/media?parent=357999"}],"wp:term":[{"taxonomy":"category","embeddable":true,"href":"https:\/\/www.europesays.com\/de\/wp-json\/wp\/v2\/categories?post=357999"},{"taxonomy":"post_tag","embeddable":true,"href":"https:\/\/www.europesays.com\/de\/wp-json\/wp\/v2\/tags?post=357999"}],"curies":[{"name":"wp","href":"https:\/\/api.w.org\/{rel}","templated":true}]}}