{"id":358332,"date":"2025-08-20T03:39:09","date_gmt":"2025-08-20T03:39:09","guid":{"rendered":"https:\/\/www.europesays.com\/de\/358332\/"},"modified":"2025-08-20T03:39:09","modified_gmt":"2025-08-20T03:39:09","slug":"vorsitzender-der-juedischen-gemeinde-in-bonn","status":"publish","type":"post","link":"https:\/\/www.europesays.com\/de\/358332\/","title":{"rendered":"Vorsitzender der j\u00fcdischen Gemeinde in Bonn"},"content":{"rendered":"<p>          Vorsitzender der Synagogengemeinde in Bonn        \u201eWir brauchen ein neues Geb\u00e4ude oder eine Erweiterung\u201c<\/p>\n<p class=\"text-50 desktop:text-70 park-container-small px-6 mb-10 desktop:mb-14\">Interview | Bonn \u00b7 <strong data-cy=\"intro\">Die j\u00fcdische Gemeinde in Bonn w\u00e4chst und hat ihrem Vorsitzenden Jakov Barasch nach viele Pl\u00e4ne. F\u00fcr mehr Jugendarbeit und eine Kita braucht es geeignete R\u00e4ume. Au\u00dferdem soll die Synagoge an der Tempelstra\u00dfe bald wieder f\u00fcr Besucher \u00f6ffnen.<\/strong><\/p>\n<p>                <img class=\"absolute inset-0 w-full h-full object-cover aspect-[16\/10] opacity-0 transition-opacity animated\" onload=\"this.style.opacity = '1';\" src=\"https:\/\/www.europesays.com\/de\/wp-content\/uploads\/2025\/08\/w2100_h1313_x1779_y615_ga_Gespra__ch_mit_dem_neuen_Vorsitzenden_der_ju__dischen_Gemeinde_Jakov_Baras.jpeg\"  alt=\" Jakov Barasch ist seit eineinhalb Jahren der Vorsitzende der Bonner Synagogengemeinde. \" fetchpriority=\"high\" decoding=\"async\" data-park-image-img=\"\"\/><\/p>\n","protected":false},"excerpt":{"rendered":"Vorsitzender der Synagogengemeinde in Bonn \u201eWir brauchen ein neues Geb\u00e4ude oder eine Erweiterung\u201c Interview | Bonn \u00b7 Die&hellip;\n","protected":false},"author":2,"featured_media":358333,"comment_status":"","ping_status":"","sticky":false,"template":"","format":"standard","meta":{"footnotes":""},"categories":[1842],"tags":[1741,3364,29,30,1209],"class_list":{"0":"post-358332","1":"post","2":"type-post","3":"status-publish","4":"format-standard","5":"has-post-thumbnail","7":"category-bonn","8":"tag-bonn","9":"tag-de","10":"tag-deutschland","11":"tag-germany","12":"tag-nordrhein-westfalen"},"share_on_mastodon":{"url":"https:\/\/pubeurope.com\/@de\/115059016710192492","error":""},"_links":{"self":[{"href":"https:\/\/www.europesays.com\/de\/wp-json\/wp\/v2\/posts\/358332","targetHints":{"allow":["GET"]}}],"collection":[{"href":"https:\/\/www.europesays.com\/de\/wp-json\/wp\/v2\/posts"}],"about":[{"href":"https:\/\/www.europesays.com\/de\/wp-json\/wp\/v2\/types\/post"}],"author":[{"embeddable":true,"href":"https:\/\/www.europesays.com\/de\/wp-json\/wp\/v2\/users\/2"}],"replies":[{"embeddable":true,"href":"https:\/\/www.europesays.com\/de\/wp-json\/wp\/v2\/comments?post=358332"}],"version-history":[{"count":0,"href":"https:\/\/www.europesays.com\/de\/wp-json\/wp\/v2\/posts\/358332\/revisions"}],"wp:featuredmedia":[{"embeddable":true,"href":"https:\/\/www.europesays.com\/de\/wp-json\/wp\/v2\/media\/358333"}],"wp:attachment":[{"href":"https:\/\/www.europesays.com\/de\/wp-json\/wp\/v2\/media?parent=358332"}],"wp:term":[{"taxonomy":"category","embeddable":true,"href":"https:\/\/www.europesays.com\/de\/wp-json\/wp\/v2\/categories?post=358332"},{"taxonomy":"post_tag","embeddable":true,"href":"https:\/\/www.europesays.com\/de\/wp-json\/wp\/v2\/tags?post=358332"}],"curies":[{"name":"wp","href":"https:\/\/api.w.org\/{rel}","templated":true}]}}