{"id":358509,"date":"2025-08-20T05:22:11","date_gmt":"2025-08-20T05:22:11","guid":{"rendered":"https:\/\/www.europesays.com\/de\/358509\/"},"modified":"2025-08-20T05:22:11","modified_gmt":"2025-08-20T05:22:11","slug":"kommunalwahl-duesseldorfer-buendnis-stellt-forderungen-vor","status":"publish","type":"post","link":"https:\/\/www.europesays.com\/de\/358509\/","title":{"rendered":"Kommunalwahl: D\u00fcsseldorfer B\u00fcndnis stellt Forderungen vor"},"content":{"rendered":"<p class=\"small date article__date\">Ver\u00f6ffentlicht:\u00a0Mittwoch, 20.08.2025 06:35<\/p>\n<p>5.500 Menschen in unserer Stadt sind wohnungslos, jedes 5. Kind w\u00e4chst bei uns in Armut auf und in ganz NRW bekommen nirgendwo so viele Seniorinnen und Senioren Grundsicherung wie hier in D\u00fcsseldorf: Das <a href=\"https:\/\/buendnis-gerechtigkeit-duesseldorf.de\/\" rel=\"noopener noreferrer nofollow\" target=\"_blank\">D\u00fcsseldorfer B\u00fcndnis f\u00fcr eine gerechte Gesellschaft<\/a> hat seine Forderungen f\u00fcr die anstehende Kommunalwahl vorgestellt.<\/p>\n<p><img decoding=\"async\" alt=\"Zwei Frauen und zwei M\u00e4nner stehen auf einer Dachterrasse, hinter einer Karte von D\u00fcsseldorf mit roten Punkten. \" src=\"https:\/\/www.europesays.com\/de\/wp-content\/uploads\/2025\/08\/whatsapp-image-2025-08-19-at-16.15.19.jpeg&#038;crop=0x199x1599x999&#038;resize=1280x799&#038;dt=202508191620500.jpeg\" data-size=\"1280x799\"\/>\u00a9 Antenne D\u00fcsseldorfArmut in D\u00fcsseldorf<\/p>\n<p>Ein wichtiges Thema dabei: Armut in der reichen Stadt D\u00fcsseldorf &#8211; und was man dagegen tun kann. <a href=\"https:\/\/buendnis-gerechtigkeit-duesseldorf.de\/ueber-uns\/\" rel=\"noopener noreferrer nofollow\" target=\"_blank\">B\u00fcndnis-Sprecher (Pater) Wolfgang Sieffert<\/a> formuliert klare Forderungen:<\/p>\n<p>Auch der kostspielige Neubau der Oper in D\u00fcsseldorf macht Wolfgang Sieffert Sorge. Kultur sei zwar wichtig, aber die Armen d\u00fcrften dabei nicht vergessen werden. Ein solcher Bau d\u00fcrfe nicht durch K\u00fcrzungen im sozialen Bereich finanziert werden &#8211; auch nicht durch zuk\u00fcnftige.<\/p>\n<p>Kontrolle der Mietpreisbremse und sozialer Wohnungsbau<\/p>\n<p>Bei D\u00fcsseldorf gibt es rund 370.000 Wohnungen, mehr als 80% der Haushalte wohnen zur Miete. Das D\u00fcsseldorfer B\u00fcndnis f\u00fcr eine gerechte Gesellschaft\u00a0\u00a0<\/p>\n<p>sagt deshalb: Es brauche unter anderem eine soziale <a href=\"https:\/\/www.duesseldorf.de\/bauaufsichtsamt\/baulexikon-a-z\/erhaltungssatzung\" rel=\"noopener noreferrer nofollow\" target=\"_blank\">Erhaltungssatzung<\/a> und eine strikte Kontrolle der Mietpreisbremse. F\u00fcr B\u00fcndnis-Sprecher Hans-Jochem Witzke besteht hier dringender Handlungsbedarf:<\/p>\n<p>Die 3,9 % entsprechen knapp 15.000 (14.518) Wohnungen in unserer Stadt, die \u00f6ffentlich gef\u00f6rdert und damit preisgebunden sind. Das B\u00fcndnis fordert deshalb auch mehr sozialen Wohnungsbau &#8211; und dass sich die Stadt auf Bundes- und Landesebene f\u00fcr Gesetze zum Mieterschutz stark macht.<\/p>\n<p> Weitere Infos und Links zum Thema:<\/p>\n<p><a href=\"https:\/\/duessel-rhein-wupper.verdi.de\/themen\/++co++0d2583be-6c82-11f0-bb69-ed544096f97a\" rel=\"noopener noreferrer nofollow\" target=\"_blank\">Verdi f\u00fchlt den Kantidat*innen auf den Zahn<\/a><\/p>\n<p><a href=\"https:\/\/www.antenneduesseldorf.de\/programm\/kommunalwahl-in-duesseldorf.html\" rel=\"noopener noreferrer nofollow\" target=\"_blank\">Unsere Seite zur Kommunalwahl<\/a><\/p>\n<p><a href=\"https:\/\/www.antenneduesseldorf.de\/artikel\/duessel-o-mat-2025-orientierungshilfe-zur-kommunalwahl-2402102.html\" rel=\"noopener noreferrer nofollow\" target=\"_blank\">Der D\u00fcssel-O-Mat zur Kommunalwahl<\/a><\/p>\n","protected":false},"excerpt":{"rendered":"Ver\u00f6ffentlicht:\u00a0Mittwoch, 20.08.2025 06:35 5.500 Menschen in unserer Stadt sind wohnungslos, jedes 5. Kind w\u00e4chst bei uns in Armut&hellip;\n","protected":false},"author":2,"featured_media":358510,"comment_status":"","ping_status":"","sticky":false,"template":"","format":"standard","meta":{"footnotes":""},"categories":[1831],"tags":[98858,98856,98857,32246,3364,29,3405,30,10917,1209],"class_list":{"0":"post-358509","1":"post","2":"type-post","3":"status-publish","4":"format-standard","5":"has-post-thumbnail","7":"category-duesseldorf","8":"tag-armut-in-dsseldorf","9":"tag-dsseldorfer-bndnis-fr-eine-gerechte-gesellschaft","10":"tag-dsseldorfer-bndnis","11":"tag-wohnraum","12":"tag-de","13":"tag-deutschland","14":"tag-duesseldorf","15":"tag-germany","16":"tag-kommunalwahl","17":"tag-nordrhein-westfalen"},"share_on_mastodon":{"url":"https:\/\/pubeurope.com\/@de\/115059421795388234","error":""},"_links":{"self":[{"href":"https:\/\/www.europesays.com\/de\/wp-json\/wp\/v2\/posts\/358509","targetHints":{"allow":["GET"]}}],"collection":[{"href":"https:\/\/www.europesays.com\/de\/wp-json\/wp\/v2\/posts"}],"about":[{"href":"https:\/\/www.europesays.com\/de\/wp-json\/wp\/v2\/types\/post"}],"author":[{"embeddable":true,"href":"https:\/\/www.europesays.com\/de\/wp-json\/wp\/v2\/users\/2"}],"replies":[{"embeddable":true,"href":"https:\/\/www.europesays.com\/de\/wp-json\/wp\/v2\/comments?post=358509"}],"version-history":[{"count":0,"href":"https:\/\/www.europesays.com\/de\/wp-json\/wp\/v2\/posts\/358509\/revisions"}],"wp:featuredmedia":[{"embeddable":true,"href":"https:\/\/www.europesays.com\/de\/wp-json\/wp\/v2\/media\/358510"}],"wp:attachment":[{"href":"https:\/\/www.europesays.com\/de\/wp-json\/wp\/v2\/media?parent=358509"}],"wp:term":[{"taxonomy":"category","embeddable":true,"href":"https:\/\/www.europesays.com\/de\/wp-json\/wp\/v2\/categories?post=358509"},{"taxonomy":"post_tag","embeddable":true,"href":"https:\/\/www.europesays.com\/de\/wp-json\/wp\/v2\/tags?post=358509"}],"curies":[{"name":"wp","href":"https:\/\/api.w.org\/{rel}","templated":true}]}}