{"id":358805,"date":"2025-08-20T08:18:10","date_gmt":"2025-08-20T08:18:10","guid":{"rendered":"https:\/\/www.europesays.com\/de\/358805\/"},"modified":"2025-08-20T08:18:10","modified_gmt":"2025-08-20T08:18:10","slug":"fortuna-duesseldorf-f95-ultras-erst-nach-anpfiff-in-schweinfurt","status":"publish","type":"post","link":"https:\/\/www.europesays.com\/de\/358805\/","title":{"rendered":"Fortuna D\u00fcsseldorf: F95-Ultras erst nach Anpfiff in Schweinfurt"},"content":{"rendered":"<p class=\"text_ohne_einzug richtext text-em-55 !leading-serif mx-6 desktop:mx-0\">Schon eine ganze Weile vor dem Anpfiff war der G\u00e4steblock ziemlich gut gef\u00fcllt. Nur am unteren Rand der Kurve, wenige Meter von der Haupttrib\u00fcne des Sachs-Stadion entfernt, konnte man mehrere freie Reihen ersp\u00e4hen \u2013 Kostenpflichtiger Inhalt <a href=\"https:\/\/rp-online.de\/sport\/fussball\/fortuna\/fortuna-duesseldorf-kommentar-zum-4-2-von-f95-im-dfb-pokal-beim-1-fc-schweinfurt-05_aid-133109901\" target=\"_blank\" rel=\"noopener\">und zwar auch noch, als Schiedsrichter Timo Gerach das Pokalspiel von Fortuna beim 1. FC Schweinfurt 05 (4:2) l\u00e4ngst angepfiffen hatte<\/a>. Die aktive Fanszene des Zweitligisten war n\u00e4mlich deutlich sp\u00e4ter als geplant an ihrem Ziel eingetroffen, sodass der organisierte Support erst nach etwa einer Viertelstunde begann und es noch viel l\u00e4nger dauerte, ehe auch das letzte Banner angebracht war.<\/p>\n","protected":false},"excerpt":{"rendered":"Schon eine ganze Weile vor dem Anpfiff war der G\u00e4steblock ziemlich gut gef\u00fcllt. Nur am unteren Rand der&hellip;\n","protected":false},"author":2,"featured_media":358806,"comment_status":"","ping_status":"","sticky":false,"template":"","format":"standard","meta":{"footnotes":""},"categories":[1831],"tags":[3364,29,3405,6223,30,1209],"class_list":{"0":"post-358805","1":"post","2":"type-post","3":"status-publish","4":"format-standard","5":"has-post-thumbnail","7":"category-duesseldorf","8":"tag-de","9":"tag-deutschland","10":"tag-duesseldorf","11":"tag-fortuna","12":"tag-germany","13":"tag-nordrhein-westfalen"},"share_on_mastodon":{"url":"https:\/\/pubeurope.com\/@de\/115060114571336434","error":""},"_links":{"self":[{"href":"https:\/\/www.europesays.com\/de\/wp-json\/wp\/v2\/posts\/358805","targetHints":{"allow":["GET"]}}],"collection":[{"href":"https:\/\/www.europesays.com\/de\/wp-json\/wp\/v2\/posts"}],"about":[{"href":"https:\/\/www.europesays.com\/de\/wp-json\/wp\/v2\/types\/post"}],"author":[{"embeddable":true,"href":"https:\/\/www.europesays.com\/de\/wp-json\/wp\/v2\/users\/2"}],"replies":[{"embeddable":true,"href":"https:\/\/www.europesays.com\/de\/wp-json\/wp\/v2\/comments?post=358805"}],"version-history":[{"count":0,"href":"https:\/\/www.europesays.com\/de\/wp-json\/wp\/v2\/posts\/358805\/revisions"}],"wp:featuredmedia":[{"embeddable":true,"href":"https:\/\/www.europesays.com\/de\/wp-json\/wp\/v2\/media\/358806"}],"wp:attachment":[{"href":"https:\/\/www.europesays.com\/de\/wp-json\/wp\/v2\/media?parent=358805"}],"wp:term":[{"taxonomy":"category","embeddable":true,"href":"https:\/\/www.europesays.com\/de\/wp-json\/wp\/v2\/categories?post=358805"},{"taxonomy":"post_tag","embeddable":true,"href":"https:\/\/www.europesays.com\/de\/wp-json\/wp\/v2\/tags?post=358805"}],"curies":[{"name":"wp","href":"https:\/\/api.w.org\/{rel}","templated":true}]}}