{"id":358898,"date":"2025-08-20T09:10:10","date_gmt":"2025-08-20T09:10:10","guid":{"rendered":"https:\/\/www.europesays.com\/de\/358898\/"},"modified":"2025-08-20T09:10:10","modified_gmt":"2025-08-20T09:10:10","slug":"fdp-chef-im-ntv-fruehstart-duerr-zu-ukraine-mission-deutschland-muss-beitrag-leisten","status":"publish","type":"post","link":"https:\/\/www.europesays.com\/de\/358898\/","title":{"rendered":"FDP-Chef im ntv Fr\u00fchstart: D\u00fcrr zu Ukraine-Mission: &#8222;Deutschland muss Beitrag leisten&#8220;"},"content":{"rendered":"<p>                    FDP-Chef im ntv Fr\u00fchstart<br \/>\n                D\u00fcrr zu Ukraine-Mission: &#8222;Deutschland muss Beitrag leisten&#8220;<\/p>\n<p>\t\t\t\t              20.08.2025, 10:35 Uhr<\/p>\n<p>\t\t\t\t\t       Artikel anh\u00f6ren<\/p>\n<p>\t\t\t\t\t\t\tDiese Audioversion wurde k\u00fcnstlich generiert. <a href=\"https:\/\/www.n-tv.de\/23249898\" rel=\"nofollow noopener\" target=\"_blank\">Mehr Infos<\/a><\/p>\n<p><strong>Deutschland m\u00fcsse einen Beitrag zur Friedensmission in der Ukraine leisten, fordert der FDP-Chef. D\u00fcrr l\u00e4sst jedoch offen, ob er damit auch den Einsatz deutscher Bodentruppen meint: &#8222;Ich schlie\u00dfe nichts aus, aber ich spekuliere nicht \u00fcber einzelne Instrumente.&#8220; <\/strong><\/p>\n<p>FDP-Chef Christian D\u00fcrr spricht sich daf\u00fcr aus, dass auch Deutschland eine m\u00f6gliche europ\u00e4ische Friedensmission in der Ukraine unterst\u00fctzt. &#8222;Nat\u00fcrlich muss Deutschland genauso wie andere europ\u00e4ische L\u00e4nder einen Beitrag leisten&#8220;, sagte D\u00fcrr, der nach eigener Aussage den &#8222;Fehler&#8220; des deutschen Au\u00dfenministers nicht wiederholen m\u00f6chte, konkrete Instrumente wie den Einsatz von Bodentruppen auszuschlie\u00dfen.<\/p>\n<p>&#8222;Wir sollten Putin nicht den Gefallen tun und \u00fcber einzelne Instrumente \u00f6ffentlich philosophieren, sodass er uns gegeneinander ausspielen kann, sondern wir sollten sehr klar sagen, wir sind bereit, als Europ\u00e4er gemeinsam auch mit den USA Sicherheitsgarantien f\u00fcr die Ukraine zu gew\u00e4hrleisten&#8220;, sagte er im ntv Fr\u00fchstart weiter. Ob er damit auch den Einsatz deutscher Bodentruppen als Teil einer Friedensmission meint, m\u00f6chte D\u00fcrr nicht klar sagen. &#8222;Ich schlie\u00dfe nichts aus&#8220;, so der FDP-Chef, &#8222;aber ich spekuliere nicht \u00fcber einzelne Instrumente.&#8220;<\/p>\n<p>Den Vorschlag von SPD-Chef und Bundesfinanzminister Lars Klingbeil, die Steuern f\u00fcr Besserverdienende zu erh\u00f6hen, lehnt D\u00fcrr derweil ab. Die Unternehmer, die Freiberufler, die Handwerksbetriebe, die in Europa ohnehin schon die h\u00f6chsten Steuern zahlten, w\u00fcrden noch st\u00e4rker belastet. &#8222;Wir haben schon die rote Laterne, also wir schw\u00e4chen unseren Standort, mit dem Effekt, dass weniger Jobs geschaffen werden oder sogar abgebaut werden und Menschen weniger verdienen&#8220;, so D\u00fcrr. Die geplante Steuererh\u00f6hung treffe nicht nur vermeintlich Reiche, sondern jeden; sie koste Jobs und manchen die Existenz. &#8222;Lars Klingbeil liegt falsch.&#8220;<\/p>\n<p>Mit Blick auf die j\u00fcngste Forsa-Umfrage, die die FDP bei drei Prozent taxiert, hofft der Parteivorsitzende auf bessere Zeiten. &#8222;Ich will die FDP wieder erfolgreich machen&#8220;, so D\u00fcrr. &#8222;Es gibt auch andere Umfragen, was mich freut, die sind besser, die sind auch mal beinahe vier&#8220;, so der Liberale. Die FDP m\u00fcsse aus ihren Fehlern lernen und mutig vorangehen. D\u00fcrrs Credo: &#8222;Mutigere Reformen, damit Deutschland wieder erfolgreich wird. Das ist die FDP. Eine geordnete Migrationspolitik, weil wir Einwanderung in den Arbeitsmarkt brauchen und nicht in die sozialen Sicherungssysteme. All das bekommt man mit der FDP. Klares Angebot, sehr klare Kante.&#8220;<\/p>\n","protected":false},"excerpt":{"rendered":"FDP-Chef im ntv Fr\u00fchstart D\u00fcrr zu Ukraine-Mission: &#8222;Deutschland muss Beitrag leisten&#8220; 20.08.2025, 10:35 Uhr Artikel anh\u00f6ren Diese Audioversion&hellip;\n","protected":false},"author":2,"featured_media":358899,"comment_status":"","ping_status":"","sticky":false,"template":"","format":"standard","meta":{"footnotes":""},"categories":[4012],"tags":[331,332,661,10566,44829,548,187,13,14,15,16,307,12,317,3081],"class_list":{"0":"post-358898","1":"post","2":"type-post","3":"status-publish","4":"format-standard","5":"has-post-thumbnail","7":"category-ukraine","8":"tag-aktuelle-nachrichten","9":"tag-aktuelle-news","10":"tag-angriff-auf-die-ukraine","11":"tag-deutsche-verteidigungspolitik","12":"tag-duerr","13":"tag-eu","14":"tag-fdp","15":"tag-headlines","16":"tag-nachrichten","17":"tag-news","18":"tag-politik","19":"tag-russland","20":"tag-schlagzeilen","21":"tag-ukraine","22":"tag-ukraine-konflikt"},"share_on_mastodon":{"url":"https:\/\/pubeurope.com\/@de\/115060318418243465","error":""},"_links":{"self":[{"href":"https:\/\/www.europesays.com\/de\/wp-json\/wp\/v2\/posts\/358898","targetHints":{"allow":["GET"]}}],"collection":[{"href":"https:\/\/www.europesays.com\/de\/wp-json\/wp\/v2\/posts"}],"about":[{"href":"https:\/\/www.europesays.com\/de\/wp-json\/wp\/v2\/types\/post"}],"author":[{"embeddable":true,"href":"https:\/\/www.europesays.com\/de\/wp-json\/wp\/v2\/users\/2"}],"replies":[{"embeddable":true,"href":"https:\/\/www.europesays.com\/de\/wp-json\/wp\/v2\/comments?post=358898"}],"version-history":[{"count":0,"href":"https:\/\/www.europesays.com\/de\/wp-json\/wp\/v2\/posts\/358898\/revisions"}],"wp:featuredmedia":[{"embeddable":true,"href":"https:\/\/www.europesays.com\/de\/wp-json\/wp\/v2\/media\/358899"}],"wp:attachment":[{"href":"https:\/\/www.europesays.com\/de\/wp-json\/wp\/v2\/media?parent=358898"}],"wp:term":[{"taxonomy":"category","embeddable":true,"href":"https:\/\/www.europesays.com\/de\/wp-json\/wp\/v2\/categories?post=358898"},{"taxonomy":"post_tag","embeddable":true,"href":"https:\/\/www.europesays.com\/de\/wp-json\/wp\/v2\/tags?post=358898"}],"curies":[{"name":"wp","href":"https:\/\/api.w.org\/{rel}","templated":true}]}}