{"id":359025,"date":"2025-08-20T10:22:12","date_gmt":"2025-08-20T10:22:12","guid":{"rendered":"https:\/\/www.europesays.com\/de\/359025\/"},"modified":"2025-08-20T10:22:12","modified_gmt":"2025-08-20T10:22:12","slug":"sv-suedkirchen-fliegt-gegen-iksv-muenster-dramatisch-aus-kreispokal","status":"publish","type":"post","link":"https:\/\/www.europesays.com\/de\/359025\/","title":{"rendered":"SV S\u00fcdkirchen fliegt gegen IKSV M\u00fcnster dramatisch aus Kreispokal"},"content":{"rendered":"<p>\t\tSV S\u00fcdkirchen fliegt gegen IKSV M\u00fcnster dramatisch aus Kreispokal<br \/>\n\t\t\t\t\tRudelbildungen nach Abpfiff<\/p>\n<p>\t\t<img alt=\"\" src=\"https:\/\/www.europesays.com\/de\/wp-content\/uploads\/2025\/05\/630_0036_451092_.jpg\"  class=\"avatar avatar-36 photo avatar-default\" height=\"36\" width=\"36\" loading=\"lazy\" decoding=\"async\"\/>\t\t<a class=\"article-author__name\" href=\"https:\/\/www.ruhrnachrichten.de\/author\/matthias-henkel\/\" rel=\"author noopener\" target=\"_blank\">Matthias Henkel<\/a><br \/>\n\t\tRedakteur<\/p>\n<p>    <a href=\"https:\/\/www.ruhrnachrichten.de\/wp-content\/uploads\/2025\/08\/20\/10\/630_0900_4961004_IMG_2130-1648x824.jpg\" target=\"_blank\" rel=\"noopener\"><\/p>\n<p>            <img loading=\"lazy\" decoding=\"async\" src=\"https:\/\/www.europesays.com\/de\/wp-content\/uploads\/2025\/08\/630_0900_4961003_IMG_2130-640x428.jpg\" width=\"640\" height=\"428\"  alt=\"Das Spiel zwischen dem SV S\u00fcdkirchen und IKSV M\u00fcnster war zerfahren. Hier wurde St\u00fcrmer Jan Rabitsch gestoppt.\"\/><\/p>\n<p>    <\/a><br \/>\n    Das Spiel zwischen dem SV S\u00fcdkirchen und IKSV M\u00fcnster war zerfahren. Hier wurde St\u00fcrmer Jan Rabitsch gestoppt. \u00a9 Henkel<\/p>\n<p class=\"article__teaser-text\">Der SV S\u00fcdkirchen fliegt sp\u00e4t gegen den Favoriten aus dem Kreispokal. Nach Abpfiff kommt es gegen den IKSV M\u00fcnster zu unsch\u00f6nen Szenen.<\/p>\n<p>2 Min Lesezeit<\/p>\n<p>SV S\u00fcdkirchen kassiert sp\u00e4tes Gegentor<\/p>\n","protected":false},"excerpt":{"rendered":"SV S\u00fcdkirchen fliegt gegen IKSV M\u00fcnster dramatisch aus Kreispokal Rudelbildungen nach Abpfiff Matthias Henkel Redakteur Das Spiel zwischen&hellip;\n","protected":false},"author":2,"featured_media":359026,"comment_status":"","ping_status":"","sticky":false,"template":"","format":"standard","meta":{"footnotes":""},"categories":[1843],"tags":[5580,3364,29,30,37912,8970,1209],"class_list":{"0":"post-359025","1":"post","2":"type-post","3":"status-publish","4":"format-standard","5":"has-post-thumbnail","7":"category-muenster","8":"tag-amateurfussball","9":"tag-de","10":"tag-deutschland","11":"tag-germany","12":"tag-kreispokal","13":"tag-muenster","14":"tag-nordrhein-westfalen"},"share_on_mastodon":{"url":"https:\/\/pubeurope.com\/@de\/115060601389300445","error":""},"_links":{"self":[{"href":"https:\/\/www.europesays.com\/de\/wp-json\/wp\/v2\/posts\/359025","targetHints":{"allow":["GET"]}}],"collection":[{"href":"https:\/\/www.europesays.com\/de\/wp-json\/wp\/v2\/posts"}],"about":[{"href":"https:\/\/www.europesays.com\/de\/wp-json\/wp\/v2\/types\/post"}],"author":[{"embeddable":true,"href":"https:\/\/www.europesays.com\/de\/wp-json\/wp\/v2\/users\/2"}],"replies":[{"embeddable":true,"href":"https:\/\/www.europesays.com\/de\/wp-json\/wp\/v2\/comments?post=359025"}],"version-history":[{"count":0,"href":"https:\/\/www.europesays.com\/de\/wp-json\/wp\/v2\/posts\/359025\/revisions"}],"wp:featuredmedia":[{"embeddable":true,"href":"https:\/\/www.europesays.com\/de\/wp-json\/wp\/v2\/media\/359026"}],"wp:attachment":[{"href":"https:\/\/www.europesays.com\/de\/wp-json\/wp\/v2\/media?parent=359025"}],"wp:term":[{"taxonomy":"category","embeddable":true,"href":"https:\/\/www.europesays.com\/de\/wp-json\/wp\/v2\/categories?post=359025"},{"taxonomy":"post_tag","embeddable":true,"href":"https:\/\/www.europesays.com\/de\/wp-json\/wp\/v2\/tags?post=359025"}],"curies":[{"name":"wp","href":"https:\/\/api.w.org\/{rel}","templated":true}]}}