{"id":359050,"date":"2025-08-20T10:35:13","date_gmt":"2025-08-20T10:35:13","guid":{"rendered":"https:\/\/www.europesays.com\/de\/359050\/"},"modified":"2025-08-20T10:35:13","modified_gmt":"2025-08-20T10:35:13","slug":"exklusivsponsor-vfb-suhl-fliegt-fuer-europa-hoch-hinaus-regional","status":"publish","type":"post","link":"https:\/\/www.europesays.com\/de\/359050\/","title":{"rendered":"Exklusivsponsor: VfB Suhl fliegt f\u00fcr Europa hoch hinaus &#8211; Regional"},"content":{"rendered":"<p>Der Volleyball-Bundesligist <a href=\"https:\/\/www.insuedthueringen.de\/thema\/VfB_Suhl\" title=\"VfB Suhl\" class=\"art_thema\" rel=\"nofollow noopener\" target=\"_blank\">VfB Suhl<\/a> Lotto Th\u00fcringen startet mit einem starken Partner in die kommende Europapokalsaison: Die Mantos International Food GmbH, Lebensmittelhersteller f\u00fcr Gefl\u00fcgelprodukte aus Eisenach, \u00fcbernimmt die Rolle des Exklusivsponsors f\u00fcr die internationalen Spiele. Die Suhlerinnen starten in der Spielzeit 2025\/26 erstmals in ihrer Geschichte im CEV-Pokal, der zweith\u00f6chsten europ\u00e4ischen Spielklasse, nachdem sie die vergangene Bundesliga-Saison mit Rang drei abgeschlossen hatten. <\/p>\n","protected":false},"excerpt":{"rendered":"Der Volleyball-Bundesligist VfB Suhl Lotto Th\u00fcringen startet mit einem starken Partner in die kommende Europapokalsaison: Die Mantos International&hellip;\n","protected":false},"author":2,"featured_media":359051,"comment_status":"","ping_status":"","sticky":false,"template":"","format":"standard","meta":{"footnotes":"","_share_on_mastodon":"0"},"categories":[3933],"tags":[331,332,548,663,158,12532,3934,3935,98973,13,98974,14,15,84934,12,98972,19905],"class_list":["post-359050","post","type-post","status-publish","format-standard","has-post-thumbnail","category-eu","tag-aktuelle-nachrichten","tag-aktuelle-news","tag-eu","tag-europa","tag-europaeische-union","tag-europapokal","tag-europe","tag-european-union","tag-exklusivsponsor","tag-headlines","tag-mantos","tag-nachrichten","tag-news","tag-ralf-weber","tag-schlagzeilen","tag-vfb-suhl","tag-volleyball-bundesliga"],"share_on_mastodon":{"url":"https:\/\/pubeurope.com\/@de\/115060652386174059","error":""},"_links":{"self":[{"href":"https:\/\/www.europesays.com\/de\/wp-json\/wp\/v2\/posts\/359050","targetHints":{"allow":["GET"]}}],"collection":[{"href":"https:\/\/www.europesays.com\/de\/wp-json\/wp\/v2\/posts"}],"about":[{"href":"https:\/\/www.europesays.com\/de\/wp-json\/wp\/v2\/types\/post"}],"author":[{"embeddable":true,"href":"https:\/\/www.europesays.com\/de\/wp-json\/wp\/v2\/users\/2"}],"replies":[{"embeddable":true,"href":"https:\/\/www.europesays.com\/de\/wp-json\/wp\/v2\/comments?post=359050"}],"version-history":[{"count":0,"href":"https:\/\/www.europesays.com\/de\/wp-json\/wp\/v2\/posts\/359050\/revisions"}],"wp:featuredmedia":[{"embeddable":true,"href":"https:\/\/www.europesays.com\/de\/wp-json\/wp\/v2\/media\/359051"}],"wp:attachment":[{"href":"https:\/\/www.europesays.com\/de\/wp-json\/wp\/v2\/media?parent=359050"}],"wp:term":[{"taxonomy":"category","embeddable":true,"href":"https:\/\/www.europesays.com\/de\/wp-json\/wp\/v2\/categories?post=359050"},{"taxonomy":"post_tag","embeddable":true,"href":"https:\/\/www.europesays.com\/de\/wp-json\/wp\/v2\/tags?post=359050"}],"curies":[{"name":"wp","href":"https:\/\/api.w.org\/{rel}","templated":true}]}}