{"id":359177,"date":"2025-08-20T11:45:22","date_gmt":"2025-08-20T11:45:22","guid":{"rendered":"https:\/\/www.europesays.com\/de\/359177\/"},"modified":"2025-08-20T11:45:22","modified_gmt":"2025-08-20T11:45:22","slug":"windeln-und-sperrmuell-ideen-von-bielefelder-buergernaehe","status":"publish","type":"post","link":"https:\/\/www.europesays.com\/de\/359177\/","title":{"rendered":"Windeln und Sperrm\u00fcll: Ideen von Bielefelder B\u00fcrgern\u00e4he"},"content":{"rendered":"<p class=\"bodytext\">Die B\u00fcrgern\u00e4he in Bielefeld m\u00f6chte gegen die zunehmende Verm\u00fcllung in Parks und W\u00e4ldern vorgehen, wo immer wieder gro\u00dfe T\u00fcten in den B\u00fcschen landen. Es k\u00f6nnte einmal im Jahr eine kostenlose Sperrm\u00fcll-Abholung pro Haushalt geben, schl\u00e4gt die W\u00e4hlergemeinschaft vor. F\u00fcr Familien mit Kleinkindern und Pflegebed\u00fcrftigen w\u00e4re mit einem Nachweis eine kostenlose &#8222;Windeltonne&#8220; denkbar.<\/p>\n","protected":false},"excerpt":{"rendered":"Die B\u00fcrgern\u00e4he in Bielefeld m\u00f6chte gegen die zunehmende Verm\u00fcllung in Parks und W\u00e4ldern vorgehen, wo immer wieder gro\u00dfe&hellip;\n","protected":false},"author":2,"featured_media":359178,"comment_status":"","ping_status":"","sticky":false,"template":"","format":"standard","meta":{"footnotes":""},"categories":[1841],"tags":[1605,3364,29,30,1209],"class_list":{"0":"post-359177","1":"post","2":"type-post","3":"status-publish","4":"format-standard","5":"has-post-thumbnail","7":"category-bielefeld","8":"tag-bielefeld","9":"tag-de","10":"tag-deutschland","11":"tag-germany","12":"tag-nordrhein-westfalen"},"share_on_mastodon":{"url":"https:\/\/pubeurope.com\/@de\/115060927812775352","error":""},"_links":{"self":[{"href":"https:\/\/www.europesays.com\/de\/wp-json\/wp\/v2\/posts\/359177","targetHints":{"allow":["GET"]}}],"collection":[{"href":"https:\/\/www.europesays.com\/de\/wp-json\/wp\/v2\/posts"}],"about":[{"href":"https:\/\/www.europesays.com\/de\/wp-json\/wp\/v2\/types\/post"}],"author":[{"embeddable":true,"href":"https:\/\/www.europesays.com\/de\/wp-json\/wp\/v2\/users\/2"}],"replies":[{"embeddable":true,"href":"https:\/\/www.europesays.com\/de\/wp-json\/wp\/v2\/comments?post=359177"}],"version-history":[{"count":0,"href":"https:\/\/www.europesays.com\/de\/wp-json\/wp\/v2\/posts\/359177\/revisions"}],"wp:featuredmedia":[{"embeddable":true,"href":"https:\/\/www.europesays.com\/de\/wp-json\/wp\/v2\/media\/359178"}],"wp:attachment":[{"href":"https:\/\/www.europesays.com\/de\/wp-json\/wp\/v2\/media?parent=359177"}],"wp:term":[{"taxonomy":"category","embeddable":true,"href":"https:\/\/www.europesays.com\/de\/wp-json\/wp\/v2\/categories?post=359177"},{"taxonomy":"post_tag","embeddable":true,"href":"https:\/\/www.europesays.com\/de\/wp-json\/wp\/v2\/tags?post=359177"}],"curies":[{"name":"wp","href":"https:\/\/api.w.org\/{rel}","templated":true}]}}