{"id":359413,"date":"2025-08-20T13:52:10","date_gmt":"2025-08-20T13:52:10","guid":{"rendered":"https:\/\/www.europesays.com\/de\/359413\/"},"modified":"2025-08-20T13:52:10","modified_gmt":"2025-08-20T13:52:10","slug":"wirtschaftsfoerderung-weniger-neuansiedlungen-in-berlin-gefoerdert","status":"publish","type":"post","link":"https:\/\/www.europesays.com\/de\/359413\/","title":{"rendered":"Wirtschaftsf\u00f6rderung: Weniger Neuansiedlungen in Berlin gef\u00f6rdert"},"content":{"rendered":"<p>        20. August 2025, 15:14 Uhr<br \/>\n    Quelle: dpa Berlin\/Brandenburg\n<\/p>\n<p>        Hinweis<\/p>\n<p class=\"article-notice__text\">DIE ZEIT hat diese Meldung redaktionell nicht bearbeitet. Sie wurde automatisch von der Deutschen Presse-Agentur (dpa) \u00fcbernommen.<\/p>\n<p>            <img decoding=\"async\" class=\"article__media-item\" src=\"https:\/\/www.europesays.com\/de\/wp-content\/uploads\/2025\/08\/1755697930_790_wide__660x371.jpeg\" alt=\"Wirtschaftsf\u00f6rderung: Die Berliner Wirtschaftsf\u00f6rderung hat im ersten Halbjahr knapp 50 Unternehmen bei der Ansiedlung in der Hauptstadt geholfen. (Archivbild)\"\/><\/p>\n<p>                    Die Berliner Wirtschaftsf\u00f6rderung hat im ersten Halbjahr knapp 50 Unternehmen bei der Ansiedlung in der Hauptstadt geholfen. (Archivbild)<br \/>\n            \u00a9\u00a0Paul Zinken\/\u200bdpa-Zentralbild\/\u200bdpa<\/p>\n<p class=\"paragraph article__item\">Die Wirtschaftsf\u00f6rderung <a class=\"rtr-entity\" href=\"https:\/\/www.zeit.de\/thema\/berlin\" target=\"_blank\" rel=\"noopener\">Berlin<\/a> Partner hat im ersten Halbjahr etwas weniger Unternehmen bei der Neuansiedlung in der Hauptstadt unterst\u00fctzt als im Vorjahr. 48 Neuansiedlungen wurden in den ersten sechs Monaten dieses Jahres gef\u00f6rdert und damit zehn weniger als im gleichen Zeitraum des Vorjahres, wie die Gesellschaft mitteilte. Die H\u00e4lfte der Projekte kam dabei aus Deutschland. Bei vier weiteren handelte es sich um US-Firmen, aus Gro\u00dfbritannien kamen drei Unternehmen.\u00a0\n<\/p>\n<p>Aktuelles<\/p>\n<p>                <a href=\"https:\/\/www.zeit.de\/mobilitaet\/2025-07\/deutsche-bahn-verlust-erstes-halbjahr\" data-ct-label=\"Zugverkehr: Deutsche Bahn best\u00e4tigt Millionenverlust im ersten Halbjahr\" target=\"_blank\" rel=\"noopener\"><\/p>\n<p>                        Zugverkehr:<br \/>\n                        Deutsche Bahn best\u00e4tigt Millionenverlust im ersten Halbjahr<\/p>\n<p>                <\/a><\/p>\n<p>                <a href=\"https:\/\/www.zeit.de\/wirtschaft\/2025-08\/reedrei-hapag-lloyd-container-gewinn\" data-ct-label=\"Reederei: Hapag-Lloyd verzeichnet Gewinnr\u00fcckgang um fast zwei Drittel\" target=\"_blank\" rel=\"noopener\"><\/p>\n<p>                        Reederei:<br \/>\n                        Hapag-Lloyd verzeichnet Gewinnr\u00fcckgang um fast zwei Drittel<\/p>\n<p>                <\/a><\/p>\n<p>                <a href=\"https:\/\/www.zeit.de\/wirtschaft\/2025-07\/bahnverkehr-deutsche-bahn-verlust-halbjahresbilanz\" data-ct-label=\"Bahnverkehr: Deutsche Bahn macht offenbar dreistelligen Millionenverlust\" target=\"_blank\" rel=\"noopener\"><\/p>\n<p>                        Bahnverkehr:<br \/>\n                        Deutsche Bahn macht offenbar dreistelligen Millionenverlust<\/p>\n<p>                <\/a><\/p>\n<p class=\"paragraph article__item\">Die Ansiedlungsprojekte standen f\u00fcr rund ein Viertel der gesamten Summe, die die von Berlin Partner betreuten Unternehmen im ersten Halbjahr in Berlin investierten. Insgesamt waren das 668 Millionen Euro und damit rund 18 Millionen Euro mehr als im Vorjahreszeitraum. Die Mittel f\u00fcr Forschung und Entwicklung gingen hingegen zur\u00fcck, von knapp 100 Millionen Euro im ersten Halbjahr 2024 auf rund 67 Millionen Euro.\u00a0\n<\/p>\n<p class=\"paragraph article__item\">Berlin Partner f\u00f6rdert und ber\u00e4t Unternehmen bei ihrer Entwicklung in der Hauptstadt sowie bei Neugr\u00fcndungen oder Verlagerungen des Firmenstandorts nach Berlin.\n<\/p>\n<p class=\"paragraph article__item\">\u00a9 dpa-infocom, dpa:250820-930-934636\/1<\/p>\n","protected":false},"excerpt":{"rendered":"20. August 2025, 15:14 Uhr Quelle: dpa Berlin\/Brandenburg Hinweis DIE ZEIT hat diese Meldung redaktionell nicht bearbeitet. Sie&hellip;\n","protected":false},"author":2,"featured_media":359414,"comment_status":"","ping_status":"","sticky":false,"template":"","format":"standard","meta":{"footnotes":""},"categories":[1825],"tags":[1941,1939,296,1937,29,30,1940,99062,15,1938,4786],"class_list":{"0":"post-359413","1":"post","2":"type-post","3":"status-publish","4":"format-standard","5":"has-post-thumbnail","7":"category-berlin","8":"tag-aktuelle-nachrichten-aus-berlin","9":"tag-aktuelle-news-aus-berlin","10":"tag-berlin","11":"tag-berlin-news","12":"tag-deutschland","13":"tag-germany","14":"tag-nachrichten-aus-berlin","15":"tag-neuansiedlung","16":"tag-news","17":"tag-news-aus-berlin","18":"tag-wirtschaftsfoerderung"},"share_on_mastodon":{"url":"https:\/\/pubeurope.com\/@de\/115061427277382054","error":""},"_links":{"self":[{"href":"https:\/\/www.europesays.com\/de\/wp-json\/wp\/v2\/posts\/359413","targetHints":{"allow":["GET"]}}],"collection":[{"href":"https:\/\/www.europesays.com\/de\/wp-json\/wp\/v2\/posts"}],"about":[{"href":"https:\/\/www.europesays.com\/de\/wp-json\/wp\/v2\/types\/post"}],"author":[{"embeddable":true,"href":"https:\/\/www.europesays.com\/de\/wp-json\/wp\/v2\/users\/2"}],"replies":[{"embeddable":true,"href":"https:\/\/www.europesays.com\/de\/wp-json\/wp\/v2\/comments?post=359413"}],"version-history":[{"count":0,"href":"https:\/\/www.europesays.com\/de\/wp-json\/wp\/v2\/posts\/359413\/revisions"}],"wp:featuredmedia":[{"embeddable":true,"href":"https:\/\/www.europesays.com\/de\/wp-json\/wp\/v2\/media\/359414"}],"wp:attachment":[{"href":"https:\/\/www.europesays.com\/de\/wp-json\/wp\/v2\/media?parent=359413"}],"wp:term":[{"taxonomy":"category","embeddable":true,"href":"https:\/\/www.europesays.com\/de\/wp-json\/wp\/v2\/categories?post=359413"},{"taxonomy":"post_tag","embeddable":true,"href":"https:\/\/www.europesays.com\/de\/wp-json\/wp\/v2\/tags?post=359413"}],"curies":[{"name":"wp","href":"https:\/\/api.w.org\/{rel}","templated":true}]}}