{"id":359445,"date":"2025-08-20T14:09:14","date_gmt":"2025-08-20T14:09:14","guid":{"rendered":"https:\/\/www.europesays.com\/de\/359445\/"},"modified":"2025-08-20T14:09:14","modified_gmt":"2025-08-20T14:09:14","slug":"pol-hh-250820-4-polizei-stellt-mann-mit-messer-in-hamburg-farmsen-berne-erste","status":"publish","type":"post","link":"https:\/\/www.europesays.com\/de\/359445\/","title":{"rendered":"POL-HH: 250820-4. Polizei stellt Mann mit Messer in Hamburg-Farmsen-Berne &#8211; Erste &#8230;"},"content":{"rendered":"<p class=\"date\">20.08.2025 \u2013 13:18<\/p>\n<p class=\"customer\">\n                        <a class=\"story-customer\" title=\"weiter zum newsroom von Polizei Hamburg\" href=\"https:\/\/www.presseportal.de\/blaulicht\/nr\/6337\" target=\"_blank\" rel=\"noopener\">Polizei Hamburg<\/a>\n                    <\/p>\n<p><a data-category=\"citylink-story-view\" data-action=\"click\" data-label=\"Citylink in Meldungsansicht\" class=\"story-city event-trigger\" href=\"https:\/\/www.presseportal.de\/regional\/Hamburg\" title=\"News aus Hamburg \" target=\"_blank\" rel=\"noopener\">Hamburg<\/a> (ots)<\/p>\n<p> Tatzeit: 20.08.2025, 11:25 Uhr; Tatort: Hamburg-Farmsen-Berne, Kupferdamm\/Barenkrug <\/p>\n<p> Einsatzkr\u00e4fte der Polizei haben heute Mittag einen Mann vorl\u00e4ufig festgenommen und dabei von der Schusswaffe Gebrauch gemacht. <\/p>\n<p> Nach derzeitigen Erkenntnissen befand sich ein Mann, der zum jetzigen Zeitpunkt noch nicht final identifiziert ist, als Fahrgast auf einer Bef\u00f6rderungsfahrt in einem Taxi und zeigte dabei aggressives Verhalten. Im Bereich des Kupferdamms\/Barenkrug verlie\u00df dieser das Taxi und hielt ein Messer in der Hand. <\/p>\n<p> Alarmierte Einsatzkr\u00e4fte stellten den Mann an einem nahegelegenen Grundst\u00fcck und forderten ihn auf, das Messer fallen zu lassen. Nach dem der Mann, der offensichtlich auch selbsthinzugef\u00fcgte Schnittverletzungen aufwies, dieser Aufforderung nicht nachkam und weiterhin eine bedrohliche Situation f\u00fcr die Einsatzkr\u00e4fte, m\u00f6gliche Dritte und auch sich selbst vorlag, gaben Polizistinnen und Polizisten Sch\u00fcsse auf den Mann ab und verletzten ihn am Bein. <\/p>\n<p> Der Mann wurde von ihnen vorl\u00e4ufig festgenommen, anschlie\u00dfend von einer hinzugerufenen Rettungswagenbesatzung medizinisch versorgt und inzwischen in ein Krankenhaus transportiert. <\/p>\n<p> Das zust\u00e4ndige Landeskriminalamt hat in enger Abstimmung mit der Staatsanwaltschaft die weiteren Ermittlungen bereits eingeleitet. Im Hinblick auf den Schusswaffengebrauch durch die Einsatzkr\u00e4fte \u00fcbernimmt, wie in solchen F\u00e4llen \u00fcblich, das Dezernat Interne Ermittlungen der Innenbeh\u00f6rde die Ermittlungen. <\/p>\n<p> Die Einsatzma\u00dfnahmen vor Ort dauern derzeit an. <\/p>\n<p class=\"contact-headline\">R\u00fcckfragen der Medien bitte an:<\/p>\n<p class=\"contact-text\">Polizei Hamburg<br \/>Polizeipressestelle \/ P\u00d6A 1<br \/>Thilo Marxsen<br \/>Telefon: 040 4286-56211<br \/>E-Mail: <a href=\"https:\/\/www.presseportal.de\/blaulicht\/pm\/6337\/mailto: polizeipressestelle@polizei.hamburg.de\" class=\"uri-mailto\" target=\"_blank\" rel=\"noopener\"> polizeipressestelle@polizei.hamburg.de<\/a><br \/><a target=\"_blank\" class=\"uri-ext outbound\" rel=\"noopener\" href=\"https:\/\/www.polizei.hamburg\">www.polizei.hamburg<\/a><\/p>\n<p class=\"originator\">Original-Content von: Polizei Hamburg, \u00fcbermittelt durch news aktuell<\/p>\n","protected":false},"excerpt":{"rendered":"20.08.2025 \u2013 13:18 Polizei Hamburg Hamburg (ots) Tatzeit: 20.08.2025, 11:25 Uhr; Tatort: Hamburg-Farmsen-Berne, Kupferdamm\/Barenkrug Einsatzkr\u00e4fte der Polizei haben&hellip;\n","protected":false},"author":2,"featured_media":320445,"comment_status":"","ping_status":"","sticky":false,"template":"","format":"standard","meta":{"footnotes":""},"categories":[2],"tags":[29,30,13,691,177,14,15,121,178,180,179,181,12,10,8,9,11],"class_list":{"0":"post-359445","1":"post","2":"type-post","3":"status-publish","4":"format-standard","5":"has-post-thumbnail","7":"category-deutschland","8":"tag-deutschland","9":"tag-germany","10":"tag-headlines","11":"tag-hh","12":"tag-kriminalitt","13":"tag-nachrichten","14":"tag-news","15":"tag-polizei","16":"tag-presse","17":"tag-pressemeldung","18":"tag-pressemitteilung","19":"tag-pressemitteilungen","20":"tag-schlagzeilen","21":"tag-top-news","22":"tag-top-meldungen","23":"tag-topmeldungen","24":"tag-topnews"},"share_on_mastodon":{"url":"https:\/\/pubeurope.com\/@de\/115061493991569393","error":""},"_links":{"self":[{"href":"https:\/\/www.europesays.com\/de\/wp-json\/wp\/v2\/posts\/359445","targetHints":{"allow":["GET"]}}],"collection":[{"href":"https:\/\/www.europesays.com\/de\/wp-json\/wp\/v2\/posts"}],"about":[{"href":"https:\/\/www.europesays.com\/de\/wp-json\/wp\/v2\/types\/post"}],"author":[{"embeddable":true,"href":"https:\/\/www.europesays.com\/de\/wp-json\/wp\/v2\/users\/2"}],"replies":[{"embeddable":true,"href":"https:\/\/www.europesays.com\/de\/wp-json\/wp\/v2\/comments?post=359445"}],"version-history":[{"count":0,"href":"https:\/\/www.europesays.com\/de\/wp-json\/wp\/v2\/posts\/359445\/revisions"}],"wp:featuredmedia":[{"embeddable":true,"href":"https:\/\/www.europesays.com\/de\/wp-json\/wp\/v2\/media\/320445"}],"wp:attachment":[{"href":"https:\/\/www.europesays.com\/de\/wp-json\/wp\/v2\/media?parent=359445"}],"wp:term":[{"taxonomy":"category","embeddable":true,"href":"https:\/\/www.europesays.com\/de\/wp-json\/wp\/v2\/categories?post=359445"},{"taxonomy":"post_tag","embeddable":true,"href":"https:\/\/www.europesays.com\/de\/wp-json\/wp\/v2\/tags?post=359445"}],"curies":[{"name":"wp","href":"https:\/\/api.w.org\/{rel}","templated":true}]}}