{"id":359572,"date":"2025-08-20T15:15:12","date_gmt":"2025-08-20T15:15:12","guid":{"rendered":"https:\/\/www.europesays.com\/de\/359572\/"},"modified":"2025-08-20T15:15:12","modified_gmt":"2025-08-20T15:15:12","slug":"deshalb-ist-sam-bartz-als-malte-zurueckgekehrt","status":"publish","type":"post","link":"https:\/\/www.europesays.com\/de\/359572\/","title":{"rendered":"Deshalb ist Sam Bartz als Malte zur\u00fcckgekehrt"},"content":{"rendered":"<p>F\u00fcr Sam<br \/>\nBartz ist es nicht das erste Serien-Aus bei <a data-ga-on=\"click,auxclick,contextmenu\" data-ga-event-category=\"Article\" data-ga-event-action=\"Internal Link Text\" data-ga-event-label=\"Click\" title=\"Berlin \u2013 Tag &amp; Nacht\" href=\"https:\/\/www.moviepilot.de\/serie\/berlin-tag-und-nacht\" class=\"sc-6a922024-0 dZMhco mp_article_parsed_internal_link\" target=\"_blank\" rel=\"noopener\">Berlin \u2013 Tag &amp; Nacht<\/a>. Von 2016<br \/>\nbis 2017 schl\u00fcpfte er in die Rolle des Malte Habich. In der Show verlies Malte<br \/>\nBerlin, um mit seinem Vater Theo nach Thailand zu gehen. 2021 kehrte Sam dann<br \/>\nf\u00fcr Berlin \u2013 Tag &amp; Nacht vor die Kamera zur\u00fcck, doch Fans mussten sich<br \/>\nbereits im vergangenen Jahr von ihren Serienliebling wieder verabschieden. <b>2024<br \/>\nverk\u00fcndete der Darsteller seinen erneuten Abschied.  <\/b><\/p>\n<p>Nach 3<br \/>\nMonaten Pause ist Sam Bartz wieder zur\u00fcck und erkl\u00e4rt im Interview mit<br \/>\nMoviepilot, <b>warum er wieder vor der Kamera stehen wollte<\/b>.<\/p>\n<p>3 Monate<br \/>\nPause: Darum ist Sam Bartz zur\u00fcck bei Berlin \u2013 Tag &amp; Nacht<\/p>\n<p>Zuletzt<br \/>\nhatte die Rolle Malte bei Berlin \u2013 Tag &amp; Nacht keine einfache Zeit. Um seinem<br \/>\nBruder Jannes zu helfen, ging er erneut nach Thailand und lie\u00df seine Freundin<br \/>\nValentina und seine Familie zur\u00fcck. Urspr\u00fcnglich wollte er wieder zur\u00fcck nach<br \/>\nBerlin kommen,<b> entschied sich aber dazu, im Ausland zu bleiben.<\/b> Seit wenigen<br \/>\nMonaten ist Malte wieder in der Serie zu sehen. <\/p>\n<p>Im Interview<br \/>\nmit Moviepilot verr\u00e4t Darsteller Sam Bartz jetzt, dass er sich nach seinem<br \/>\nAusstieg mit einem Freund im digitalen Marketing-Bereich selbstst\u00e4ndig gemacht<br \/>\nhat. Doch wirklich Erf\u00fcllung hat ihm der Job nicht gebracht: <\/p>\n<blockquote class=\"sc-7f97975-0 geHxYT\"><p>Ich habe<br \/>\nzwar viele geile Projekte realisiert, allerdings meistens aus dem Homeoffice,<br \/>\nwas mich ehrlich gesagt ein bisschen deprimiert hat. Ich habe die Arbeit vor<br \/>\nder Kamera und die BTN-Familie <b>einfach zu sehr vermisst <\/b>und mich sehr gefreut,<br \/>\ndass es die M\u00f6glichkeit gab zu BTN zur\u00fcckzukommen.<\/p><\/blockquote>\n<p>Vor allem<br \/>\ndie Abwechslung und Herausforderungen finde Sam besonders gut. Dadurch, dass es<br \/>\nbei Berlin \u2013 Tag &amp; Nacht keine Dialogb\u00fccher gibt, werden in der Regel die<br \/>\nDialoge improvisiert: <b>&#8222;Ich kann schon sagen, dass BTN mein Traumjob ist.&#8220;<\/b><\/p>\n<p>Malte<br \/>\nversucht nach seiner R\u00fcckkehr nach Berlin im Matrix Fu\u00df zu fassen, aber das<br \/>\ngestaltet sich schwieriger als gedacht. Ihm werden nicht nur von Milla (Liza<br \/>\nWaschke), sondern auch von seiner neuen Barchefin Raffi (Charly Fieseler)<br \/>\nSteine in den Weg gelegt.<\/p>\n<p>Das bringt<br \/>\nSam Bartz von sich selbst vor die Kamera<\/p>\n<p>Bei Berlin \u2013<br \/>\nTag &amp; Nacht spielen die Darsteller:innen zwar eine Rolle, dennoch flie\u00dfen<br \/>\nauch immer wieder <b>eigene Eigenschaften in ihre Darstellung<\/b> mit ein. Im<br \/>\nInterview meint Sam: <\/p>\n<blockquote class=\"sc-7f97975-0 geHxYT\"><p>Am meisten<br \/>\nverbindet mich mit Malte der <b>Humor und die Lockerheit<\/b>. Ich glaube, dass ich da<br \/>\nauch ganz viel Sam mit reinbringe. Was mich am wenigsten mit ihm verbindet ist<br \/>\nMaltes Naivit\u00e4t und vor allem seine Aggressivit\u00e4t.<\/p><\/blockquote>\n<p>Die<br \/>\nAggressivit\u00e4t sei die Eigenschaft, die ihn an seiner Rolle besonders nerve,<br \/>\ndenn privat sei er genau das Gegenteil. Andererseits sei genau das auch spannend<br \/>\nf\u00fcr den Darsteller, die Impulsivit\u00e4t schauspielerisch umzusetzen.<\/p>\n","protected":false},"excerpt":{"rendered":"F\u00fcr Sam Bartz ist es nicht das erste Serien-Aus bei Berlin \u2013 Tag &amp; Nacht. Von 2016 bis&hellip;\n","protected":false},"author":2,"featured_media":359573,"comment_status":"","ping_status":"","sticky":false,"template":"","format":"standard","meta":{"footnotes":""},"categories":[1825],"tags":[296,29,30,640,19899,60582],"class_list":{"0":"post-359572","1":"post","2":"type-post","3":"status-publish","4":"format-standard","5":"has-post-thumbnail","7":"category-berlin","8":"tag-berlin","9":"tag-deutschland","10":"tag-germany","11":"tag-rtl","12":"tag-rtl-zwei","13":"tag-tv-produktion"},"share_on_mastodon":{"url":"https:\/\/pubeurope.com\/@de\/115061753542174543","error":""},"_links":{"self":[{"href":"https:\/\/www.europesays.com\/de\/wp-json\/wp\/v2\/posts\/359572","targetHints":{"allow":["GET"]}}],"collection":[{"href":"https:\/\/www.europesays.com\/de\/wp-json\/wp\/v2\/posts"}],"about":[{"href":"https:\/\/www.europesays.com\/de\/wp-json\/wp\/v2\/types\/post"}],"author":[{"embeddable":true,"href":"https:\/\/www.europesays.com\/de\/wp-json\/wp\/v2\/users\/2"}],"replies":[{"embeddable":true,"href":"https:\/\/www.europesays.com\/de\/wp-json\/wp\/v2\/comments?post=359572"}],"version-history":[{"count":0,"href":"https:\/\/www.europesays.com\/de\/wp-json\/wp\/v2\/posts\/359572\/revisions"}],"wp:featuredmedia":[{"embeddable":true,"href":"https:\/\/www.europesays.com\/de\/wp-json\/wp\/v2\/media\/359573"}],"wp:attachment":[{"href":"https:\/\/www.europesays.com\/de\/wp-json\/wp\/v2\/media?parent=359572"}],"wp:term":[{"taxonomy":"category","embeddable":true,"href":"https:\/\/www.europesays.com\/de\/wp-json\/wp\/v2\/categories?post=359572"},{"taxonomy":"post_tag","embeddable":true,"href":"https:\/\/www.europesays.com\/de\/wp-json\/wp\/v2\/tags?post=359572"}],"curies":[{"name":"wp","href":"https:\/\/api.w.org\/{rel}","templated":true}]}}