{"id":359903,"date":"2025-08-20T18:09:09","date_gmt":"2025-08-20T18:09:09","guid":{"rendered":"https:\/\/www.europesays.com\/de\/359903\/"},"modified":"2025-08-20T18:09:09","modified_gmt":"2025-08-20T18:09:09","slug":"nach-badeunfall-zweier-schwestern-ermittlungen-gegen-eltern","status":"publish","type":"post","link":"https:\/\/www.europesays.com\/de\/359903\/","title":{"rendered":"Nach Badeunfall zweier Schwestern: Ermittlungen gegen Eltern"},"content":{"rendered":"<p>Am vergangenen Donnerstag sind<a href=\"https:\/\/www.br.de\/nachrichten\/bayern\/schwerer-badeunfall-an-baggersee-zwei-kinder-in-lebensgefahr,Utuc87t\" target=\"_blank\" rel=\"noopener\"> zwei Schwestern im Alter von sechs und sieben Jahren in einem See in Schweinfurt<\/a> verungl\u00fcckt. <a href=\"https:\/\/www.br.de\/nachrichten\/bayern\/auch-sechsjaehrige-nach-badeunfall-in-schweinfurt-gestorben,Uu3VYwk\" target=\"_blank\" rel=\"noopener\">Trotz dramatischer Rettungsversuche konnte keines der M\u00e4dchen gerettet werden. <\/a><\/p>\n<p>Eine Obduktion hat best\u00e4tigt, dass die Kinder ertrunken sind. Jetzt ermitteln die Beh\u00f6rden gegen die Eltern der M\u00e4dchen. Es gehe um den Vorwurf der fahrl\u00e4ssigen T\u00f6tung durch Verletzung der Aufsichtspflicht, sagte ein Sprecher der Staatsanwaltschaft. Die Beschuldigten sollen im Laufe der Woche vernommen werden: &#8222;Wir m\u00fcssen aufkl\u00e4ren, was falsch gelaufen ist.&#8220;<\/p>\n<p>Schwimmfl\u00fcgel trieben im Wasser <\/p>\n<p>Nach Polizeiangaben hatten die Kinder am vergangenen Donnerstag unbeaufsichtigt im See gebadet und waren dabei untergegangen. Badeg\u00e4ste entdeckten zun\u00e4chst einen im Wasser treibenden Schwimmfl\u00fcgel, sp\u00e4ter dann die leblose Siebenj\u00e4hrige. Kurz darauf fand ein Helfer auch das zweite M\u00e4dchen unter der Wasseroberfl\u00e4che.<\/p>\n<p>Beide Kinder wurden laut Polizei reanimiert und in verschiedene Kliniken gebracht. Am Freitag starb die Siebenj\u00e4hrige, der Tod ihrer Schwester wurde am Samstag bekannt.<\/p>\n","protected":false},"excerpt":{"rendered":"Am vergangenen Donnerstag sind zwei Schwestern im Alter von sechs und sieben Jahren in einem See in Schweinfurt&hellip;\n","protected":false},"author":2,"featured_media":359904,"comment_status":"","ping_status":"","sticky":false,"template":"","format":"standard","meta":{"footnotes":""},"categories":[2],"tags":[4067,90348,42685,97109,29,30,13,14,15,12,7702,10,8,9,11,3757,99172],"class_list":{"0":"post-359903","1":"post","2":"type-post","3":"status-publish","4":"format-standard","5":"has-post-thumbnail","7":"category-deutschland","8":"tag-ermittlungen","9":"tag-aufsichtspflicht","10":"tag-badeunfall","11":"tag-baggersee","12":"tag-deutschland","13":"tag-germany","14":"tag-headlines","15":"tag-nachrichten","16":"tag-news","17":"tag-schlagzeilen","18":"tag-schweinfurt","19":"tag-top-news","20":"tag-top-meldungen","21":"tag-topmeldungen","22":"tag-topnews","23":"tag-unterfranken","24":"tag-zwei-schwestern"},"share_on_mastodon":{"url":"https:\/\/pubeurope.com\/@de\/115062437680129426","error":""},"_links":{"self":[{"href":"https:\/\/www.europesays.com\/de\/wp-json\/wp\/v2\/posts\/359903","targetHints":{"allow":["GET"]}}],"collection":[{"href":"https:\/\/www.europesays.com\/de\/wp-json\/wp\/v2\/posts"}],"about":[{"href":"https:\/\/www.europesays.com\/de\/wp-json\/wp\/v2\/types\/post"}],"author":[{"embeddable":true,"href":"https:\/\/www.europesays.com\/de\/wp-json\/wp\/v2\/users\/2"}],"replies":[{"embeddable":true,"href":"https:\/\/www.europesays.com\/de\/wp-json\/wp\/v2\/comments?post=359903"}],"version-history":[{"count":0,"href":"https:\/\/www.europesays.com\/de\/wp-json\/wp\/v2\/posts\/359903\/revisions"}],"wp:featuredmedia":[{"embeddable":true,"href":"https:\/\/www.europesays.com\/de\/wp-json\/wp\/v2\/media\/359904"}],"wp:attachment":[{"href":"https:\/\/www.europesays.com\/de\/wp-json\/wp\/v2\/media?parent=359903"}],"wp:term":[{"taxonomy":"category","embeddable":true,"href":"https:\/\/www.europesays.com\/de\/wp-json\/wp\/v2\/categories?post=359903"},{"taxonomy":"post_tag","embeddable":true,"href":"https:\/\/www.europesays.com\/de\/wp-json\/wp\/v2\/tags?post=359903"}],"curies":[{"name":"wp","href":"https:\/\/api.w.org\/{rel}","templated":true}]}}