{"id":359905,"date":"2025-08-20T18:10:13","date_gmt":"2025-08-20T18:10:13","guid":{"rendered":"https:\/\/www.europesays.com\/de\/359905\/"},"modified":"2025-08-20T18:10:13","modified_gmt":"2025-08-20T18:10:13","slug":"deutschland-tour-waerenskjold-gewinnt-deutschland-tour-auftakt","status":"publish","type":"post","link":"https:\/\/www.europesays.com\/de\/359905\/","title":{"rendered":"Deutschland Tour: Waerenskjold gewinnt Deutschland-Tour-Auftakt"},"content":{"rendered":"<p class=\"metatextline\">Stand: 20.08.2025 18:58 Uhr<\/p>\n<p class=\"textabsatz columns twelve  m-ten  m-offset-one l-eight l-offset-two\">\n        <strong>Kurz und schmerzhaft &#8211; so startete die Deutschland Tour 2025. Die 3,1 Kilometer auf dem Gel\u00e4nde der Zeche Zollverein in Essen verlangten den Fahrern viel ab. Auch Zeitfahr-Spezialist S\u00f6ren Waerenskjold, der den Prolog f\u00fcr sich entscheiden konnte.<\/strong>\n    <\/p>\n<p class=\"textabsatz m-ten m-offset-one l-eight l-offset-two columns twelve\">\nMit hochrotem Kopf l\u00e4chelte S\u00f6ren Waerenskjold in die Kamera, nachdem der letzte Fahrer im Ziel war. Mit einer Zeit von 3:31 Minuten war der Norweger der Schnellste auf dem Kurs und geht damit als F\u00fchrender auf die Etappe am Dienstag. Der Brite Samuel Watson legte auf den letzten Metern einen starken Endspurt hin, verpasste die Bestzeit aber knapp und kam 0,52 Sekunden langsamer als Waerenskjold ins Ziel. Marco Haller aus \u00d6sterreich fuhr mit einer Zeit von 3:33,59 Minuten auf Platz drei.<\/p>\n<ul class=\"buttongroup buttongroup--copytext\">\n<li class=\"buttongroup__item\">\n<p>    <a class=\"btn btn--text btn--standard-secondary btn--fullwidth\" href=\"https:\/\/www.sportschau.de\/live-und-ergebnisse\/radsport\/deutschland-tour\/ma10758737\/liveticker-list\" target=\"_blank\" rel=\"noopener\"><br \/>\n        Liveticker zum Nachlesen<br \/>\n        Pfeil rechts<\/p>\n<p>    <\/a>\n<\/li>\n<li class=\"buttongroup__item\">\n<p>    <a class=\"btn btn--text btn--standard-secondary btn--fullwidth\" href=\"https:\/\/www.sportschau.de\/radsport\/deutschland-tour\/prolog-essen-essen-31-km,deutschland-tour-prolog-25-102.html\" target=\"_blank\" rel=\"noopener\"><br \/>\n        Prolog<br \/>\n        Pfeil rechts<\/p>\n<p>    <\/a>\n<\/li>\n<\/ul>\n<p class=\"textabsatz m-ten m-offset-one l-eight l-offset-two columns twelve\">\nDass Top-Favorit Jonathan Milan nur auf Platz 15 landete, sorgte f\u00fcr eine kleine \u00dcberraschung. Der Star am Sprinterhimmel war als letzter Fahrer auf die Strecke gegangen und fuhr mit 5 Sekunden R\u00fcckstand ins Ziel. In den kommenden Tagen wird sicherlich mit ihm zu rechnen sein.<\/p>\n<p>    Bester Deutscher auf Platz 14<\/p>\n<p class=\"textabsatz m-ten m-offset-one l-eight l-offset-two columns twelve\">\nMarius Mayrhofer fuhr als bester Deutscher auf Platz 14. &#8222;Ich bin zu langsam angegangen. Das habe ich versch\u00e4tzt, deswegen hatte ich auf der Zielgerade noch etwas mehr Energie \u00fcbrig und konnte das aber dann nicht in Zeit umm\u00fcnzen&#8220;, sagte der 24-J\u00e4hrige nach dem Rennen im ZDF.<\/p>\n<p class=\"textabsatz m-ten m-offset-one l-eight l-offset-two columns twelve\">\nFlorian Lipowitz, der bei der Tour de France f\u00fcr Furore gesorgt hatte zeigte sich mit seinem 35. Platz zufrieden. &#8222;Drei Kilometer sind nicht so mein Ding, vor allem wenn man l\u00e4nger kein Rennen gefahren ist&#8220;, sagte er, kurz nach seinem Urlaub. Er wolle den Rest der Tour von &#8222;Tag zu Tag&#8220; angehen. &#8222;Die Deutschland Tour ist vor allem etwas f\u00fcr Sprinter&#8220;, so der Bergspezialist.<\/p>\n<p>    Degenkolb-Comeback<\/p>\n<p class=\"textabsatz m-ten m-offset-one l-eight l-offset-two columns twelve\">\nSpa\u00df haben &#8211; mit diesem Motto war John Degenkolb den Auftakt der Deutschland Tour angegangen. Vor gerade einmal vier Monaten war der 36-J\u00e4hrige bei der Flandern-Rundfahrt schwer gest\u00fcrzt und hatte sich Br\u00fcche in Hand, Ellenbogen, Unterarm und Schl\u00fcsselbein zugezogen. Sein Comeback verlangte Degenkolb einiges ab: &#8222;Es tut gut, zur\u00fcck zu sein&#8220;, sagte er sichtlich au\u00dfer Atem nach dem Prolog am ZDF-Mikro: &#8222;Ich bin mega happy, auch wenn das sehr schmerzhaft war, der Blutgeschmack bleibt noch ein paar Minuten im Mund.&#8220; <\/p>\n<p class=\"textabsatz m-ten m-offset-one l-eight l-offset-two columns twelve\">\nDie 3,1 Kilometer absolvierte Degenkolb, einer der \u00e4ltesten Fahrer im Feld, in respektablen 3:45 Minuten und landete am Ende auf Platz 77.<\/p>\n<p>    Vier Etappen folgen<\/p>\n<p class=\"textabsatz m-ten m-offset-one l-eight l-offset-two columns twelve\">\nDem Prolog in Essen folgen vier Etappen mit Herford, Arnsberg, Kassel und Magdeburg als Zielorten. Insgesamt 735,4 Kilometer legen die 18 gemeldeten Teams zur\u00fcck. Die erste Etappe von Essen nach Herford ist 202,6 Kilometer lang. Am dritten Tag stehen 190,3 Kilometer von Herford nach Arnsberg auf dem Programm. Nach der vierten Etappe von Arnsberg nach Kassel \u00fcber 175,7 Kilometer k\u00f6nnte sich eine Vorentscheidung abzeichnen. Der finale Sieger wird nach der letzten Etappe, die in Halle (Saale) startet, nach 163,7 Kilometern in Magdeburg gek\u00fcrt.<\/p>\n","protected":false},"excerpt":{"rendered":"Stand: 20.08.2025 18:58 Uhr Kurz und schmerzhaft &#8211; so startete die Deutschland Tour 2025. Die 3,1 Kilometer auf&hellip;\n","protected":false},"author":2,"featured_media":359906,"comment_status":"","ping_status":"","sticky":false,"template":"","format":"standard","meta":{"footnotes":""},"categories":[5],"tags":[59214,13,14,15,99173,9408,12,10,8,9,11],"class_list":{"0":"post-359905","1":"post","2":"type-post","3":"status-publish","4":"format-standard","5":"has-post-thumbnail","7":"category-nachrichten","8":"tag-deutschland-tour","9":"tag-headlines","10":"tag-nachrichten","11":"tag-news","12":"tag-prolog","13":"tag-radsport","14":"tag-schlagzeilen","15":"tag-top-news","16":"tag-top-meldungen","17":"tag-topmeldungen","18":"tag-topnews"},"share_on_mastodon":{"url":"https:\/\/pubeurope.com\/@de\/115062441600350297","error":""},"_links":{"self":[{"href":"https:\/\/www.europesays.com\/de\/wp-json\/wp\/v2\/posts\/359905","targetHints":{"allow":["GET"]}}],"collection":[{"href":"https:\/\/www.europesays.com\/de\/wp-json\/wp\/v2\/posts"}],"about":[{"href":"https:\/\/www.europesays.com\/de\/wp-json\/wp\/v2\/types\/post"}],"author":[{"embeddable":true,"href":"https:\/\/www.europesays.com\/de\/wp-json\/wp\/v2\/users\/2"}],"replies":[{"embeddable":true,"href":"https:\/\/www.europesays.com\/de\/wp-json\/wp\/v2\/comments?post=359905"}],"version-history":[{"count":0,"href":"https:\/\/www.europesays.com\/de\/wp-json\/wp\/v2\/posts\/359905\/revisions"}],"wp:featuredmedia":[{"embeddable":true,"href":"https:\/\/www.europesays.com\/de\/wp-json\/wp\/v2\/media\/359906"}],"wp:attachment":[{"href":"https:\/\/www.europesays.com\/de\/wp-json\/wp\/v2\/media?parent=359905"}],"wp:term":[{"taxonomy":"category","embeddable":true,"href":"https:\/\/www.europesays.com\/de\/wp-json\/wp\/v2\/categories?post=359905"},{"taxonomy":"post_tag","embeddable":true,"href":"https:\/\/www.europesays.com\/de\/wp-json\/wp\/v2\/tags?post=359905"}],"curies":[{"name":"wp","href":"https:\/\/api.w.org\/{rel}","templated":true}]}}