{"id":359913,"date":"2025-08-20T18:14:22","date_gmt":"2025-08-20T18:14:22","guid":{"rendered":"https:\/\/www.europesays.com\/de\/359913\/"},"modified":"2025-08-20T18:14:22","modified_gmt":"2025-08-20T18:14:22","slug":"jugendkunsttriennale-2024-stadt-hof","status":"publish","type":"post","link":"https:\/\/www.europesays.com\/de\/359913\/","title":{"rendered":"JugendKunstTriennale 2024 &#8211; Stadt Hof"},"content":{"rendered":"<p>Gewinnerarbeiten der JugendKunstTriennale 2024 jetzt in Chemnitz zu sehen<\/p>\n<p>\u00a0<\/p>\n<p>2024 fand die gro\u00dfe Ausstellung zur JugendKunstTriennale des S\u00e4chsisch Bayerischen St\u00e4dtenetzes in Hof statt. Aktuell sind die seinerzeitigen Preistr\u00e4gerinnen und Preistr\u00e4ger in Chemnitz zu sehen. In der Alten Dreherei des Garagen-Campus bildet die Ausstellung nun einen Beitrag zum Kulturhauptstadtjahr in der s\u00e4chsischen Stadt. Vorher war sie durch die anderen St\u00e4dte des St\u00e4dtenetzes gewandert und zu einem Abstecher in der zweiten Europ\u00e4ischen Kulturhauptstadt Nova Gorica in Slowenien eingeladen worden.<\/p>\n<p>Zur Er\u00f6ffnung in Chemnitz sprach neben der Kulturb\u00fcrgermeisterin Dagmar Ruscheinsky auch Peter N\u00fcrmberger, der als fr\u00fchere Kulturamtsleiter in Hof das Kunstprojekt f\u00fcr junge Leute von der ersten Ausstellung im Jahr 1998 bis heue betreut hat. Er gab den zahlreichen Anwesenden einen \u00dcberblick \u00fcber Entstehung und Werden dieses Ausstellungskonzepts, das vor 27 Jahren in Hof gestartet war und das wichtigste und erfolgreichste Projekt ist, das die St\u00e4dte Bayreuth, Hof, Marktredwitz, Plauen, Zwickau und Chemnitz verbindet. Mit zahlreichen Details und auch der einen oder anderen Anekdote konnte er Problemstellungen, aber auch den Erfolg der Zusammenarbeit kenntnisreich dokumentieren. Die Arbeit der Jury, aus mehreren hundert Einreichungen jeweils gut hundert auszuw\u00e4hlen und auch die Preistr\u00e4gerinnen und -Preistr\u00e4ger zu bestimmen, war ebenso Thema wie deren Besetzung mit K\u00fcnstlerinnen und K\u00fcnstlern, P\u00e4dagoginnen und P\u00e4dagogen oder aus anderen Gr\u00fcnden kunstaffinen Menschen. \u201eDie Mischung muss stimmen\u201c, lautet N\u00fcrmbergers Fazit dazu und nennt das Grundprinzip: \u201eEs soll nach k\u00fcnstlerischen Kriterien geurteilt werden. Das muss sehr streng erfolgen, weil es eben kein Jungend- oder Sozialprojekt ist, oder gar ein regionaler Proporz zu beachten w\u00e4re.\u201c Wie die Arbeit der Jury entspreche auch die Zusammenarbeit im Kulturarbeitskreis des St\u00e4dtenetzes dem Grundgedanken, der auch im Konzept des Kulturhauptstadtjahrs angelegt sei, so N\u00fcrmberger: \u201eZusammenarbeit, Miteinander, niemanden ausgrenzen, Kultur f\u00fcr alle, darauf kommt es an.\u201c<\/p>\n<p>Die Ausstellung ist im Garagen-Campus, Zwickauer Stra\u00dfe 164, 09116 Chemnitz, bis 7.9.2025 zu folgenden Zeiten ge\u00f6ffnet:\u00a0<br \/>Montag 9 \u2013 16 Uhr, Dienstag 9 \u2013 18 Uhr, Donnerstag 9 \u2013 16 Uhr, Freitag 9 \u2013 17 Uhr, Samstag w\u00e4hrend der F\u00fchrungen 11 \u2013 14 Uhr.<br \/>\u00a0<\/p>\n","protected":false},"excerpt":{"rendered":"Gewinnerarbeiten der JugendKunstTriennale 2024 jetzt in Chemnitz zu sehen \u00a0 2024 fand die gro\u00dfe Ausstellung zur JugendKunstTriennale des&hellip;\n","protected":false},"author":2,"featured_media":359914,"comment_status":"","ping_status":"","sticky":false,"template":"","format":"standard","meta":{"footnotes":""},"categories":[1851],"tags":[2770,3364,29,548,663,3934,30,13,3741,99175,99176,14,15,859,12,99174],"class_list":{"0":"post-359913","1":"post","2":"type-post","3":"status-publish","4":"format-standard","5":"has-post-thumbnail","7":"category-chemnitz","8":"tag-chemnitz","9":"tag-de","10":"tag-deutschland","11":"tag-eu","12":"tag-europa","13":"tag-europe","14":"tag-germany","15":"tag-headlines","16":"tag-hof","17":"tag-hofinbayernganzoben","18":"tag-in-bayern-ganz-oben","19":"tag-nachrichten","20":"tag-news","21":"tag-sachsen","22":"tag-schlagzeilen","23":"tag-stadt-hof"},"share_on_mastodon":{"url":"https:\/\/pubeurope.com\/@de\/115062457264855117","error":""},"_links":{"self":[{"href":"https:\/\/www.europesays.com\/de\/wp-json\/wp\/v2\/posts\/359913","targetHints":{"allow":["GET"]}}],"collection":[{"href":"https:\/\/www.europesays.com\/de\/wp-json\/wp\/v2\/posts"}],"about":[{"href":"https:\/\/www.europesays.com\/de\/wp-json\/wp\/v2\/types\/post"}],"author":[{"embeddable":true,"href":"https:\/\/www.europesays.com\/de\/wp-json\/wp\/v2\/users\/2"}],"replies":[{"embeddable":true,"href":"https:\/\/www.europesays.com\/de\/wp-json\/wp\/v2\/comments?post=359913"}],"version-history":[{"count":0,"href":"https:\/\/www.europesays.com\/de\/wp-json\/wp\/v2\/posts\/359913\/revisions"}],"wp:featuredmedia":[{"embeddable":true,"href":"https:\/\/www.europesays.com\/de\/wp-json\/wp\/v2\/media\/359914"}],"wp:attachment":[{"href":"https:\/\/www.europesays.com\/de\/wp-json\/wp\/v2\/media?parent=359913"}],"wp:term":[{"taxonomy":"category","embeddable":true,"href":"https:\/\/www.europesays.com\/de\/wp-json\/wp\/v2\/categories?post=359913"},{"taxonomy":"post_tag","embeddable":true,"href":"https:\/\/www.europesays.com\/de\/wp-json\/wp\/v2\/tags?post=359913"}],"curies":[{"name":"wp","href":"https:\/\/api.w.org\/{rel}","templated":true}]}}