{"id":359919,"date":"2025-08-20T18:17:21","date_gmt":"2025-08-20T18:17:21","guid":{"rendered":"https:\/\/www.europesays.com\/de\/359919\/"},"modified":"2025-08-20T18:17:21","modified_gmt":"2025-08-20T18:17:21","slug":"pol-e-muelheim-an-der-ruhr-unbekannte-fussgaengerin-verursacht-vollbremsung-eines","status":"publish","type":"post","link":"https:\/\/www.europesays.com\/de\/359919\/","title":{"rendered":"POL-E: M\u00fclheim an der Ruhr: Unbekannte Fu\u00dfg\u00e4ngerin verursacht Vollbremsung eines &#8230;"},"content":{"rendered":"<p class=\"date\">20.08.2025 \u2013 13:59<\/p>\n<p class=\"customer\">\n                        <a class=\"story-customer\" title=\"weiter zum newsroom von Polizei Essen\" href=\"https:\/\/www.presseportal.de\/blaulicht\/nr\/11562\" rel=\"nofollow noopener\" target=\"_blank\">Polizei Essen<\/a>\n                    <\/p>\n<p><a data-category=\"citylink-story-view\" data-action=\"click\" data-label=\"Citylink in Meldungsansicht\" class=\"story-city event-trigger\" href=\"https:\/\/www.presseportal.de\/regional\/Essen\" title=\"News aus Essen \" rel=\"nofollow noopener\" target=\"_blank\">Essen<\/a> (ots)<\/p>\n<p>45468 MH.-Altstadt II: Vergangenen Freitag (15. August) \u00fcberquerte eine unbekannte Fu\u00dfg\u00e4ngerin die Eppinghofer Stra\u00dfe vor einem querenden Bus, sodass der Fahrer eine Gefahrenbremsung einleitete und ein Fahrgast st\u00fcrzte. Die Polizei sucht Zeugen.<\/p>\n<p>Gegen 17:20 Uhr fuhr ein 37-j\u00e4hriger Busfahrer auf der Eppinghofer Stra\u00dfe in Fahrtrichtung Mellinghofer Stra\u00dfe. Kurz vor der Haltestelle &#8222;Hei\u00dfener Stra\u00dfe&#8220; \u00fcberquerte pl\u00f6tzlich eine unbekannte Frau die Fahrbahn. Um einen Zusammensto\u00df zu verhindern, leitete der Busfahrer eine Gefahrenbremsung ein. Dadurch st\u00fcrzte ein 83-j\u00e4hriger Fahrgast und verletzte sich leicht. Die unbekannte Fu\u00dfg\u00e4ngerin ging daraufhin in unbekannte Richtung weiter.<\/p>\n<p>Der verletzte M\u00fclheimer wurde anschlie\u00dfend leicht verletzt in ein Krankenhaus gebracht.<\/p>\n<p>Die Polizei sucht nun dringend Zeugen des Unfalls. Wenn Sie den Unfall beobachtet haben oder Sie Hinweise zu der Fu\u00dfg\u00e4ngerin geben k\u00f6nnen, melden Sie sich bitte unter der Telefonnummer 0201\/829-0 oder per E-Mail an <a href=\"https:\/\/www.presseportal.de\/blaulicht\/pm\/11562\/mailto: hinweise.essen@polizei.nrw.de\" class=\"uri-mailto\" rel=\"nofollow noopener\" target=\"_blank\"> hinweise.essen@polizei.nrw.de<\/a> bei der Polizei Essen. \/RB<\/p>\n<p class=\"contact-headline\">R\u00fcckfragen bitte an:<\/p>\n<p class=\"contact-text\">Polizei Essen\/ M\u00fclheim an der Ruhr<br \/>Pressestelle<br \/>Telefon: 0201-829 1065 (au\u00dferhalb der B\u00fcrodienstzeit 0201-829 7230)<br \/>Fax: 0201-829 1069<br \/>E-Mail: <a href=\"https:\/\/www.presseportal.de\/blaulicht\/pm\/11562\/mailto: pressestelle.essen@polizei.nrw.de\" class=\"uri-mailto\" rel=\"nofollow noopener\" target=\"_blank\"> pressestelle.essen@polizei.nrw.de<\/a><\/p>\n<p><a target=\"_blank\" class=\"uri-ext outbound\" rel=\"noopener nofollow\" href=\"https:\/\/twitter.com\/Polizei_NRW_E\">https:\/\/twitter.com\/Polizei_NRW_E<\/a><br \/><a target=\"_blank\" class=\"uri-ext outbound\" rel=\"noopener nofollow\" href=\"http:\/\/www.facebook.com\/PolizeiEssen\">http:\/\/www.facebook.com\/PolizeiEssen<\/a><br \/><a target=\"_blank\" class=\"uri-ext outbound\" rel=\"noopener nofollow\" href=\"https:\/\/www.instagram.com\/polizei.nrw.e\">https:\/\/www.instagram.com\/polizei.nrw.e<\/a><br \/><a target=\"_blank\" class=\"uri-ext outbound\" rel=\"noopener nofollow\" href=\"https:\/\/www.whatsapp.com\/channel\/0029VaEsg0q1CYoUFKnPFk2F\">https:\/\/www.whatsapp.com\/channel\/0029VaEsg0q1CYoUFKnPFk2F<\/a><\/p>\n<p class=\"originator\">Original-Content von: Polizei Essen, \u00fcbermittelt durch news aktuell<\/p>\n<p>            <script async src=\"https:\/\/platform.twitter.com\/widgets.js\" charset=\"utf-8\"><\/script><script async src=\"\/\/www.instagram.com\/embed.js\"><\/script><\/p>\n","protected":false},"excerpt":{"rendered":"20.08.2025 \u2013 13:59 Polizei Essen Essen (ots) 45468 MH.-Altstadt II: Vergangenen Freitag (15. August) \u00fcberquerte eine unbekannte Fu\u00dfg\u00e4ngerin&hellip;\n","protected":false},"author":2,"featured_media":320445,"comment_status":"","ping_status":"","sticky":false,"template":"","format":"standard","meta":{"footnotes":""},"categories":[1848],"tags":[3364,29,548,663,3934,3658,30,13,177,14,15,1209,176,121,178,180,179,181,12],"class_list":{"0":"post-359919","1":"post","2":"type-post","3":"status-publish","4":"format-standard","5":"has-post-thumbnail","7":"category-gelsenkirchen","8":"tag-de","9":"tag-deutschland","10":"tag-eu","11":"tag-europa","12":"tag-europe","13":"tag-gelsenkirchen","14":"tag-germany","15":"tag-headlines","16":"tag-kriminalitt","17":"tag-nachrichten","18":"tag-news","19":"tag-nordrhein-westfalen","20":"tag-nrw","21":"tag-polizei","22":"tag-presse","23":"tag-pressemeldung","24":"tag-pressemitteilung","25":"tag-pressemitteilungen","26":"tag-schlagzeilen"},"share_on_mastodon":{"url":"https:\/\/pubeurope.com\/@de\/115062469138431095","error":""},"_links":{"self":[{"href":"https:\/\/www.europesays.com\/de\/wp-json\/wp\/v2\/posts\/359919","targetHints":{"allow":["GET"]}}],"collection":[{"href":"https:\/\/www.europesays.com\/de\/wp-json\/wp\/v2\/posts"}],"about":[{"href":"https:\/\/www.europesays.com\/de\/wp-json\/wp\/v2\/types\/post"}],"author":[{"embeddable":true,"href":"https:\/\/www.europesays.com\/de\/wp-json\/wp\/v2\/users\/2"}],"replies":[{"embeddable":true,"href":"https:\/\/www.europesays.com\/de\/wp-json\/wp\/v2\/comments?post=359919"}],"version-history":[{"count":0,"href":"https:\/\/www.europesays.com\/de\/wp-json\/wp\/v2\/posts\/359919\/revisions"}],"wp:featuredmedia":[{"embeddable":true,"href":"https:\/\/www.europesays.com\/de\/wp-json\/wp\/v2\/media\/320445"}],"wp:attachment":[{"href":"https:\/\/www.europesays.com\/de\/wp-json\/wp\/v2\/media?parent=359919"}],"wp:term":[{"taxonomy":"category","embeddable":true,"href":"https:\/\/www.europesays.com\/de\/wp-json\/wp\/v2\/categories?post=359919"},{"taxonomy":"post_tag","embeddable":true,"href":"https:\/\/www.europesays.com\/de\/wp-json\/wp\/v2\/tags?post=359919"}],"curies":[{"name":"wp","href":"https:\/\/api.w.org\/{rel}","templated":true}]}}