{"id":359920,"date":"2025-08-20T18:18:14","date_gmt":"2025-08-20T18:18:14","guid":{"rendered":"https:\/\/www.europesays.com\/de\/359920\/"},"modified":"2025-08-20T18:18:14","modified_gmt":"2025-08-20T18:18:14","slug":"waldbrand-warnstufe-3-schliessung-der-waldgrillplaetze-in-wiesbaden-2","status":"publish","type":"post","link":"https:\/\/www.europesays.com\/de\/359920\/","title":{"rendered":"Waldbrand-Warnstufe 3: Schlie\u00dfung der Waldgrillpl\u00e4tze in Wiesbaden"},"content":{"rendered":"<p>&#13;<br \/>\n        &#13;<br \/>\n&#13;<br \/>\n        &#13;<\/p>\n<p>            <a href=\"https:\/\/www.rheinmainverlag.de\/wp-content\/uploads\/2022\/06\/man-gaaa33ab73_1920.jpg\" data-caption=\"Symbolbild Grillen (Foto: kaboompics auf Pixabay)\" rel=\"nofollow noopener\" target=\"_blank\"><img loading=\"lazy\" decoding=\"async\" width=\"696\" height=\"464\" class=\"entry-thumb td-modal-image\" src=\"data:image\/svg+xml,%3Csvg%20xmlns=\" http:=\"\" data-lazy- data-lazy- alt=\"\" title=\"Grillen, Barbecue rmv\" data-lazy-src=\"https:\/\/www.europesays.com\/de\/wp-content\/uploads\/2025\/05\/man-gaaa33ab73_1920-696x464.jpg\"\/><\/a>Symbolbild Grillen (Foto: kaboompics auf Pixabay)<\/p>\n<p>Wegen der anhaltenden Trockenheit werden s\u00e4mtliche \u00f6ffentlichen Grillpl\u00e4tze in und am Wald ab sofort geschlossen. Die Stadt Wiesbaden bittet um Verst\u00e4ndnis f\u00fcr diese Ma\u00dfnahmen, die nicht nur dem Schutz der Natur, sondern auch dem der Menschen dienen.<\/p>\n<p>Feuerwehr und Forstdienststellen bitten gleichzeitig die Bev\u00f6lkerung um erh\u00f6hte Aufmerksamkeit. Jedes Feuer sollte sofort unter der Notrufnummer 112 der Feuerwehr gemeldet und \u2013 wenn m\u00f6glich \u2013 die Einsatzkr\u00e4fte eingewiesen werden. Die Bev\u00f6lkerung wird gebeten, s\u00e4mtliche Einfahrten in Feld und Wald freizuhalten. Sie sind im Ernstfall unverzichtbare Rettungswege. Zum Schutz des Waldes ist das Rauchen im Wald ganzj\u00e4hrig verboten. Ordnungskr\u00e4fte werden die Waldfl\u00e4chen verst\u00e4rkt kontrollieren.<\/p>\n<p>Die Veranstalter von Festen haben erweiterte Auflagen zu beachten: So muss jeder Grillstand zus\u00e4tzliche Feuerl\u00f6scher oder gef\u00fcllte Wassereimer vorweisen.<\/p>\n<p>Der Waldbrandgefahrenindex (WBI) als auch der Grasland-Feuer-Index (GFI) beschreiben das meteorologische Potenzial f\u00fcr die Gef\u00e4hrdung durch Waldbrand beziehungsweise die Feuergef\u00e4hrdung von Freifl\u00e4chen, wie etwa Wiesen. Die Brandgefahr wird in f\u00fcnf Gefahrenstufen angezeigt: von 1 = sehr geringe Gefahr bis 5 = sehr hohe Gefahr. Der WBI und der GFI dienen den f\u00fcr die Waldbrandvorsorge verantwortlichen Landesbeh\u00f6rden zur Einsch\u00e4tzung der Waldbrandgefahr und zur Herausgabe von Warnungen. Die Warnstufen 1 und 2 machen keine Ma\u00dfnahmen erforderlich. In den weiteren Warnstufen werden jeweils unterschiedliche Ma\u00dfnahmen ergriffen beziehungsweise angeordnet, in der Stufe 3 werden Waldgrillpl\u00e4tze geschlossen, in Stufe 4 gilt eine generelles Grillverbot auf \u00f6ffentlichen Grillpl\u00e4tzen, in Stufe 5 gelten neben dem Grillverbot strenge Auflagen f\u00fcr Veranstalter. N\u00e4here Informationen zur aktuellen Situation k\u00f6nnen Interessierte im Internet unter <a href=\"http:\/\/www.wiesbaden.de\/waldbrandgefahr\" target=\"_blank\" rel=\"noopener nofollow\">www.wiesbaden.de\/waldbrandgefahr<\/a> finden.<\/p>\n<p>(Text: PM Landeshauptstadt Wiesbaden9<\/p>\n<p><a href=\"https:\/\/www.rheinmainverlag.de\/author\/ahessberger\/\" rel=\"nofollow noopener\" target=\"_blank\"><img loading=\"lazy\" decoding=\"async\" src=\"data:image\/svg+xml,%3Csvg%20xmlns=\" http:=\"\" width=\"200\" height=\"200\" alt=\"\" itemprop=\"image\" data-lazy-src=\"https:\/\/www.europesays.com\/de\/wp-content\/uploads\/2025\/04\/Katja_Hessberger.jpg\"\/><\/a><\/p>\n<p>\u2026 erschlie\u00dft sich ihre Welt, indem sie viel Zeit in der Natur verbringt. Bei langen Fahrradtouren und sch\u00f6ne Wanderungen tankt sie Kraft. Lokale Themen sind ihre Welt. Sowohl in den Printprodukten als auch online informiert sie am liebsten \u00fcber Polizeiberichte, Tiergeschichten und Umweltthemen. Absolute Lieblingsbesch\u00e4ftigung in der Adventszeit: Pl\u00e4tzchen backen.<br \/>Mag: Tiere | Backen | Lokale Geschichten<\/p>\n<p>Set your Author Custom HTML Tab Content on your <a href=\"https:\/\/www.rheinmainverlag.de\/wp-admin\/profile.php#sabox-custom-job-title\" target=\"_blank\" class=\"clickable\" rel=\"nofollow noopener\">Profile page<\/a><\/p>\n<p>        &#13;<br \/>\n&#13;<br \/>\n        &#13;<br \/>\n                        &#13;<br \/>\n            &#13;<br \/>\n&#13;<br \/>\n                                                        &#13;<br \/>\n&#13;<\/p>\n","protected":false},"excerpt":{"rendered":"&#13; &#13; &#13; &#13; Symbolbild Grillen (Foto: kaboompics auf Pixabay) Wegen der anhaltenden Trockenheit werden s\u00e4mtliche \u00f6ffentlichen Grillpl\u00e4tze&hellip;\n","protected":false},"author":2,"featured_media":128689,"comment_status":"","ping_status":"","sticky":false,"template":"","format":"standard","meta":{"footnotes":""},"categories":[1847],"tags":[3364,29,548,663,3934,30,13,2052,14,15,12,4544],"class_list":{"0":"post-359920","1":"post","2":"type-post","3":"status-publish","4":"format-standard","5":"has-post-thumbnail","7":"category-wiesbaden","8":"tag-de","9":"tag-deutschland","10":"tag-eu","11":"tag-europa","12":"tag-europe","13":"tag-germany","14":"tag-headlines","15":"tag-hessen","16":"tag-nachrichten","17":"tag-news","18":"tag-schlagzeilen","19":"tag-wiesbaden"},"share_on_mastodon":{"url":"https:\/\/pubeurope.com\/@de\/115062473048519675","error":""},"_links":{"self":[{"href":"https:\/\/www.europesays.com\/de\/wp-json\/wp\/v2\/posts\/359920","targetHints":{"allow":["GET"]}}],"collection":[{"href":"https:\/\/www.europesays.com\/de\/wp-json\/wp\/v2\/posts"}],"about":[{"href":"https:\/\/www.europesays.com\/de\/wp-json\/wp\/v2\/types\/post"}],"author":[{"embeddable":true,"href":"https:\/\/www.europesays.com\/de\/wp-json\/wp\/v2\/users\/2"}],"replies":[{"embeddable":true,"href":"https:\/\/www.europesays.com\/de\/wp-json\/wp\/v2\/comments?post=359920"}],"version-history":[{"count":0,"href":"https:\/\/www.europesays.com\/de\/wp-json\/wp\/v2\/posts\/359920\/revisions"}],"wp:featuredmedia":[{"embeddable":true,"href":"https:\/\/www.europesays.com\/de\/wp-json\/wp\/v2\/media\/128689"}],"wp:attachment":[{"href":"https:\/\/www.europesays.com\/de\/wp-json\/wp\/v2\/media?parent=359920"}],"wp:term":[{"taxonomy":"category","embeddable":true,"href":"https:\/\/www.europesays.com\/de\/wp-json\/wp\/v2\/categories?post=359920"},{"taxonomy":"post_tag","embeddable":true,"href":"https:\/\/www.europesays.com\/de\/wp-json\/wp\/v2\/tags?post=359920"}],"curies":[{"name":"wp","href":"https:\/\/api.w.org\/{rel}","templated":true}]}}