{"id":359931,"date":"2025-08-20T18:24:17","date_gmt":"2025-08-20T18:24:17","guid":{"rendered":"https:\/\/www.europesays.com\/de\/359931\/"},"modified":"2025-08-20T18:24:17","modified_gmt":"2025-08-20T18:24:17","slug":"logo-von-demokratiekampagne-des-bistums-muenster-auf-baeckerei-tueten","status":"publish","type":"post","link":"https:\/\/www.europesays.com\/de\/359931\/","title":{"rendered":"Logo von Demokratiekampagne des Bistums M\u00fcnster auf B\u00e4ckerei-T\u00fcten"},"content":{"rendered":"<p>Das Logo der <a href=\"https:\/\/lebefreiheit.de\/\" target=\"_blank\" rel=\"noopener noreferrer nofollow\">Demokratiekampagne des Bistums M\u00fcnster<\/a> ziert aktuell Br\u00f6tchent\u00fcten eines \u00f6rtlichen B\u00e4ckers. Auf den wei\u00dfen Papiert\u00fcten ist das herzf\u00f6rmige Motiv mit dem Motto &#8222;Mensch M\u00fcnster! W\u00e4hle Freiheit&#8220; gedruckt. Erg\u00e4nzt wird es durch einen Aufruf, an der baldigen Kommunalwahl teilzunehmen: &#8222;Demokratie? Schmeckt mir! Kommunalwahl 14.9. \u2013 Deine Stimme f\u00fcr die Freiheit&#8220;, hei\u00dft es dort, wie das Bistum M\u00fcnster am Dienstag mitteilte.<\/p>\n<p>Demnach sind insgesamt 25.000 T\u00fcten in den 20 Filialen des B\u00e4ckers Krimphove im Umlauf. Tr\u00e4ger der Kampagne sind das Bistum, der Di\u00f6zesancaritasverband und der Bund der Deutschen Katholischen Jugend (BDKJ) im Bistum M\u00fcnster. Gesch\u00e4ftsf\u00fchrer der B\u00e4ckerei Georg Krimphove war laut der Di\u00f6zese von der Idee sofort begeistert: &#8222;Wir sind als guter B\u00e4cker Krimphove schon seit Jahren aktiv, wenn es darum geht, eine bunte, vielf\u00e4ltige Stadt zu f\u00f6rdern. Deswegen unterst\u00fctzen wir die Aktion gerne&#8220;, zitiert ihn das Bistum. Laut Pia Stapel, der Vorsitzenden des Caritasverbandes, wanderten die T\u00fcten jetzt auf Fr\u00fchst\u00fccks- oder Abendbrottische und sorgten dort hoffentlich daf\u00fcr, dass die <a href=\"https:\/\/www.katholisch.de\/artikel\/63779-afd-wahlplakat-sorgt-fuer-aerger-steyler-missionare-distanzieren-sich\" rel=\"nofollow noopener\" target=\"_blank\">Menschen zur Kommunalwahl<\/a> gehen \u2013 und &#8222;dass sie die politischen Positionen der Kandidatinnen und Kandidaten in M\u00fcnster vorher noch einmal diskutieren.&#8220;<\/p>\n<p>Die Demokratiekampagne &#8222;Mensch! W\u00e4hle Freiheit&#8220; hat das Bistum zusammen mit einigen anderen Institutionen und Di\u00f6zesen wie dem Erzbistum Freiburg und der Caritas NRW gestartet. Sie war auch schon <a href=\"https:\/\/www.katholisch.de\/artikel\/59448-die-aktionen-der-bistuemer-zur-bundestagswahl\" rel=\"nofollow noopener\" target=\"_blank\">zur Bundestagswahl im Februar<\/a> aktiv. Mit Diskussionsrunden und Materialien etwa f\u00fcr Social Media sollen Menschen f\u00fcr Toleranz, N\u00e4chstenliebe und gesellschaftlichen Zusammenhalt sensibilisiert werden. Die B\u00e4ckerei Krimphove gibt es seit dem Jahr 1860 in M\u00fcnster. (gho)<\/p>\n","protected":false},"excerpt":{"rendered":"Das Logo der Demokratiekampagne des Bistums M\u00fcnster ziert aktuell Br\u00f6tchent\u00fcten eines \u00f6rtlichen B\u00e4ckers. Auf den wei\u00dfen Papiert\u00fcten ist&hellip;\n","protected":false},"author":2,"featured_media":359932,"comment_status":"","ping_status":"","sticky":false,"template":"","format":"standard","meta":{"footnotes":""},"categories":[1843],"tags":[3364,29,30,8970,1209],"class_list":{"0":"post-359931","1":"post","2":"type-post","3":"status-publish","4":"format-standard","5":"has-post-thumbnail","7":"category-muenster","8":"tag-de","9":"tag-deutschland","10":"tag-germany","11":"tag-muenster","12":"tag-nordrhein-westfalen"},"share_on_mastodon":{"url":"https:\/\/pubeurope.com\/@de\/115062496934103708","error":""},"_links":{"self":[{"href":"https:\/\/www.europesays.com\/de\/wp-json\/wp\/v2\/posts\/359931","targetHints":{"allow":["GET"]}}],"collection":[{"href":"https:\/\/www.europesays.com\/de\/wp-json\/wp\/v2\/posts"}],"about":[{"href":"https:\/\/www.europesays.com\/de\/wp-json\/wp\/v2\/types\/post"}],"author":[{"embeddable":true,"href":"https:\/\/www.europesays.com\/de\/wp-json\/wp\/v2\/users\/2"}],"replies":[{"embeddable":true,"href":"https:\/\/www.europesays.com\/de\/wp-json\/wp\/v2\/comments?post=359931"}],"version-history":[{"count":0,"href":"https:\/\/www.europesays.com\/de\/wp-json\/wp\/v2\/posts\/359931\/revisions"}],"wp:featuredmedia":[{"embeddable":true,"href":"https:\/\/www.europesays.com\/de\/wp-json\/wp\/v2\/media\/359932"}],"wp:attachment":[{"href":"https:\/\/www.europesays.com\/de\/wp-json\/wp\/v2\/media?parent=359931"}],"wp:term":[{"taxonomy":"category","embeddable":true,"href":"https:\/\/www.europesays.com\/de\/wp-json\/wp\/v2\/categories?post=359931"},{"taxonomy":"post_tag","embeddable":true,"href":"https:\/\/www.europesays.com\/de\/wp-json\/wp\/v2\/tags?post=359931"}],"curies":[{"name":"wp","href":"https:\/\/api.w.org\/{rel}","templated":true}]}}