{"id":359937,"date":"2025-08-20T18:29:10","date_gmt":"2025-08-20T18:29:10","guid":{"rendered":"https:\/\/www.europesays.com\/de\/359937\/"},"modified":"2025-08-20T18:29:10","modified_gmt":"2025-08-20T18:29:10","slug":"so-sind-auf-und-abstieg-im-wuppertaler-fussball-geregelt","status":"publish","type":"post","link":"https:\/\/www.europesays.com\/de\/359937\/","title":{"rendered":"So sind Auf- und Abstieg im Wuppertaler Fu\u00dfball geregelt"},"content":{"rendered":"<p class=\"text_ohne_einzug richtext text-em-55 !leading-serif mx-6 desktop:mx-0\">Wie viele Teams steigen aus der Bezirksliga, Gruppe 2 am Saisonende in die Landesliga auf? Wie viele Teams m\u00fcssen den bitteren Gang in die Kreisliga A antreten? Und wie sehen die Regelungen generell f\u00fcr die Kreisligen aus? Auf diese Fragen gibt es vom Fu\u00dfballverband Niederrhein sowie vom Fu\u00dfballkreis Wuppertal\/Niederberg mittlerweile Antworten. Relevant sind diese f\u00fcr alle 55 Teams aus dem Tal \u2013 von Bezirksliga bis Kreisliga C. <\/p>\n","protected":false},"excerpt":{"rendered":"Wie viele Teams steigen aus der Bezirksliga, Gruppe 2 am Saisonende in die Landesliga auf? Wie viele Teams&hellip;\n","protected":false},"author":2,"featured_media":359938,"comment_status":"","ping_status":"","sticky":false,"template":"","format":"standard","meta":{"footnotes":""},"categories":[1840],"tags":[16320,3364,29,347,31253,7112,30,7739,9428,99180,99178,1209,99179,58291,9387,24996,13763,7476,29070,4418],"class_list":{"0":"post-359937","1":"post","2":"type-post","3":"status-publish","4":"format-standard","5":"has-post-thumbnail","7":"category-wuppertal","8":"tag-bezirksliga","9":"tag-de","10":"tag-deutschland","11":"tag-fussball","12":"tag-fussballkreis","13":"tag-fussballverband","14":"tag-germany","15":"tag-kreis","16":"tag-kreisliga","17":"tag-kreisligen","18":"tag-niederberg","19":"tag-nordrhein-westfalen","20":"tag-punktgleichheit","21":"tag-regelung","22":"tag-saison","23":"tag-saisonende","24":"tag-teams","25":"tag-verband","26":"tag-vorsaison","27":"tag-wuppertal"},"share_on_mastodon":{"url":"https:\/\/pubeurope.com\/@de\/115062516319067379","error":""},"_links":{"self":[{"href":"https:\/\/www.europesays.com\/de\/wp-json\/wp\/v2\/posts\/359937","targetHints":{"allow":["GET"]}}],"collection":[{"href":"https:\/\/www.europesays.com\/de\/wp-json\/wp\/v2\/posts"}],"about":[{"href":"https:\/\/www.europesays.com\/de\/wp-json\/wp\/v2\/types\/post"}],"author":[{"embeddable":true,"href":"https:\/\/www.europesays.com\/de\/wp-json\/wp\/v2\/users\/2"}],"replies":[{"embeddable":true,"href":"https:\/\/www.europesays.com\/de\/wp-json\/wp\/v2\/comments?post=359937"}],"version-history":[{"count":0,"href":"https:\/\/www.europesays.com\/de\/wp-json\/wp\/v2\/posts\/359937\/revisions"}],"wp:featuredmedia":[{"embeddable":true,"href":"https:\/\/www.europesays.com\/de\/wp-json\/wp\/v2\/media\/359938"}],"wp:attachment":[{"href":"https:\/\/www.europesays.com\/de\/wp-json\/wp\/v2\/media?parent=359937"}],"wp:term":[{"taxonomy":"category","embeddable":true,"href":"https:\/\/www.europesays.com\/de\/wp-json\/wp\/v2\/categories?post=359937"},{"taxonomy":"post_tag","embeddable":true,"href":"https:\/\/www.europesays.com\/de\/wp-json\/wp\/v2\/tags?post=359937"}],"curies":[{"name":"wp","href":"https:\/\/api.w.org\/{rel}","templated":true}]}}