{"id":359949,"date":"2025-08-20T18:36:22","date_gmt":"2025-08-20T18:36:22","guid":{"rendered":"https:\/\/www.europesays.com\/de\/359949\/"},"modified":"2025-08-20T18:36:22","modified_gmt":"2025-08-20T18:36:22","slug":"vier-leichen-in-der-seine-polizei-nimmt-25-jaehrigen-mann-fest","status":"publish","type":"post","link":"https:\/\/www.europesays.com\/de\/359949\/","title":{"rendered":"Vier Leichen in der Seine! Polizei nimmt 25-j\u00e4hrigen Mann fest"},"content":{"rendered":"<p>R\u00e4tselhafter Fall mit vielen offenen FragenVier Leichen in der Seine! Polizei nimmt Mann (25) fest<img alt=\"Kommt jetzt Bewegung in den r\u00e4tselhaften Fall mit vier Toten aus der Seine? &#10;\" loading=\"lazy\" width=\"940\" height=\"529\" decoding=\"async\" data-nimg=\"1\" class=\"Image_image__SdgLQ Picture_image__vGN9W\" style=\"color:transparent\"   src=\"https:\/\/www.europesays.com\/de\/wp-content\/uploads\/2025\/08\/epi_1000249030_dpa-bf_7h3fotsjgv-v1-ax-ms6144jpg_tod-von-misshandelte.webp.webp\"\/><\/p>\n<p>Kommt jetzt Bewegung in den r\u00e4tselhaften Fall mit vier Toten aus der Seine?<br \/>\nFoto: Rachel Bo\u00dfmeyer\/dpa<\/p>\n<p>Rachel Bo\u00dfmeyer\/dpa20. August 2025 um 14:55 Uhr<\/p>\n<p>von <strong>Johanna Werning<\/strong><\/p>\n<p class=\"AnnotatedMarkup_paragraph__IUT9l\"><strong>Kommt jetzt Bewegung in den r\u00e4tselhaften Fall mit vier Toten aus dem Fluss? <\/strong><br \/>In der N\u00e4he von Paris wurden vergangene Woche vier Leichen gefunden. Nun wurde ein Mann in Frankreich festgenommen. Der 25-J\u00e4hrige wird verd\u00e4chtigt, die vier M\u00e4nner get\u00f6tet und in die Seine geworfen zu haben, berichten franz\u00f6sische Medien.<\/p>\n<p>Vier Leichen in Seine gefunden \u2013 Polizei nimmt 25-J\u00e4hrigen fest <\/p>\n<p class=\"AnnotatedMarkup_paragraph__IUT9l\">Warum mussten die M\u00e4nner sterben? Am vergangenen Mittwoch (13. August) entdeckte ein Passagier w\u00e4hrend einer Zugfahrt in der Pariser Vorstadt Cr\u00e9teil eine Leiche. Kurze Zeit sp\u00e4ter fand die Polizei drei weitere Leichen. Drei von ihnen seien vollst\u00e4ndig bekleidet gewesen. Einer habe weder Hose noch Unterhose am K\u00f6rper gehabt. <strong>Die Leichen sollen bereits seit mehreren Tagen im Wasser gelegen haben und stark verwest sein. <\/strong><\/p>\n<p class=\"AnnotatedMarkup_paragraph__IUT9l\">Seitdem ermittelt die Polizei fieberhaft \u2013 mit einem ersten Erfolg:<strong> Am Mittwoch wurde ein Tatverd\u00e4chtiger festgenommen, wie der franz\u00f6sische Sender BFMTV und Le Parisien \u00fcbereinstimmend berichten. Dabei soll es sich um einen 25-j\u00e4hrigen Mann aus Algerien handeln.<\/strong> Er wird verd\u00e4chtigt, die vier M\u00e4nner get\u00f6tet zu haben. Aktuell befindet er sich in Gewahrsam und wird verh\u00f6rt. Wie die Polizei dem Tatverd\u00e4chtigen auf die Schliche gekommen ist, ist noch unklar. Weitere Details teilen die Beamten derzeit nicht mit.<\/p>\n<p class=\"AnnotatedMarkup_paragraph__IUT9l\"><strong>Lese-Tipp: <\/strong><a href=\"https:\/\/www.rtl.de\/news\/vier-leichen-in-der-seine-bei-paris-gefunden-id6581305.html\" target=\"_self\" rel=\"noopener\">Vier Leichen in der Seine bei Paris gefunden<\/a><\/p>\n<p>Video-Tipp: Star-Urologe \u2013 keiner ahnte etwas von seiner dunklen SeiteAnzeige:<\/p>\n<p>Empfehlungen unserer Partner<\/p>\n<p>Festnahme nach Leichenfund \u2013 aber viele Fragen sind noch offen<\/p>\n<p class=\"AnnotatedMarkup_paragraph__IUT9l\">Klar ist: <strong>Eine der Leichen weist laut BFMTV massive Gewalteinwirkungen auf, die zum Tode gef\u00fchrt haben sollen. Eine weitere Leiche soll ebenfalls Spuren eines Gewaltverbrechens aufweisen. <\/strong>Doch noch sind viele Fragen offen. Auch die Identit\u00e4t der Toten ist mit Ausnahme der ersten Leiche noch unklar. Bei ihr handelt es sich um einen etwa 40-j\u00e4hrigen Mann aus einem Pariser Vorort.<\/p>\n<p class=\"AnnotatedMarkup_paragraph__IUT9l\">Die Identit\u00e4t der anderen Leichen werden noch ermittelt. Und auch weitere Untersuchungen zur Ermittlung der Todesursache und der Todesumst\u00e4nde laufen.<\/p>\n","protected":false},"excerpt":{"rendered":"R\u00e4tselhafter Fall mit vielen offenen FragenVier Leichen in der Seine! Polizei nimmt Mann (25) fest Kommt jetzt Bewegung&hellip;\n","protected":false},"author":2,"featured_media":359950,"comment_status":"","ping_status":"","sticky":false,"template":"","format":"standard","meta":{"footnotes":""},"categories":[3974],"tags":[331,338,332,339,344,342,343,548,663,3934,3980,156,13,584,12250,14,335,329,336,334,341,15,330,337,333,99181,319,328,327,12,340],"class_list":{"0":"post-359949","1":"post","2":"type-post","3":"status-publish","4":"format-standard","5":"has-post-thumbnail","7":"category-frankreich","8":"tag-aktuelle-nachrichten","9":"tag-aktuelle-nachrichten-auf-einen-blick","10":"tag-aktuelle-news","11":"tag-aktuelle-themen-in-der-welt","12":"tag-ems_-news","13":"tag-ems_news_newsausland","14":"tag-ems_news_newsinland","15":"tag-eu","16":"tag-europa","17":"tag-europe","18":"tag-france","19":"tag-frankreich","20":"tag-headlines","21":"tag-leiche","22":"tag-leichenfund","23":"tag-nachrichten","24":"tag-nachrichten-aus-aller-welt","25":"tag-nachrichten-deutschland","26":"tag-nachrichten-heute","27":"tag-nachrichten-international","28":"tag-nachrichten-usa","29":"tag-news","30":"tag-news-deutschland","31":"tag-news-heute","32":"tag-news-international","33":"tag-news_newsausland","34":"tag-paris","35":"tag-rtl-nachrichten","36":"tag-rtl-news","37":"tag-schlagzeilen","38":"tag-usa-news"},"share_on_mastodon":{"url":"","error":"Validation failed: Text character limit of 500 exceeded"},"_links":{"self":[{"href":"https:\/\/www.europesays.com\/de\/wp-json\/wp\/v2\/posts\/359949","targetHints":{"allow":["GET"]}}],"collection":[{"href":"https:\/\/www.europesays.com\/de\/wp-json\/wp\/v2\/posts"}],"about":[{"href":"https:\/\/www.europesays.com\/de\/wp-json\/wp\/v2\/types\/post"}],"author":[{"embeddable":true,"href":"https:\/\/www.europesays.com\/de\/wp-json\/wp\/v2\/users\/2"}],"replies":[{"embeddable":true,"href":"https:\/\/www.europesays.com\/de\/wp-json\/wp\/v2\/comments?post=359949"}],"version-history":[{"count":0,"href":"https:\/\/www.europesays.com\/de\/wp-json\/wp\/v2\/posts\/359949\/revisions"}],"wp:featuredmedia":[{"embeddable":true,"href":"https:\/\/www.europesays.com\/de\/wp-json\/wp\/v2\/media\/359950"}],"wp:attachment":[{"href":"https:\/\/www.europesays.com\/de\/wp-json\/wp\/v2\/media?parent=359949"}],"wp:term":[{"taxonomy":"category","embeddable":true,"href":"https:\/\/www.europesays.com\/de\/wp-json\/wp\/v2\/categories?post=359949"},{"taxonomy":"post_tag","embeddable":true,"href":"https:\/\/www.europesays.com\/de\/wp-json\/wp\/v2\/tags?post=359949"}],"curies":[{"name":"wp","href":"https:\/\/api.w.org\/{rel}","templated":true}]}}