{"id":359957,"date":"2025-08-20T18:40:20","date_gmt":"2025-08-20T18:40:20","guid":{"rendered":"https:\/\/www.europesays.com\/de\/359957\/"},"modified":"2025-08-20T18:40:20","modified_gmt":"2025-08-20T18:40:20","slug":"schalke-bild-checkt-s04-geruechte-was-laeuft-da-mit-bochums-passlack-sport","status":"publish","type":"post","link":"https:\/\/www.europesays.com\/de\/359957\/","title":{"rendered":"Schalke: BILD checkt S04-Ger\u00fcchte \u2013 Was l\u00e4uft da mit Bochums Passlack? | Sport"},"content":{"rendered":"<p><b>Schalke schwer im Stress!<\/b><\/p>\n<p>W\u00e4hrend Trainer Miron Muslic (42) sein Team auf das Derby gegen Bochum (Sa., 20.30 Uhr\/Sky und Nitro) vorbereitet, schraubt Sport-Boss Frank Baumann (49) weiter am Kader-Umbau. Das Transfer-Fenster schlie\u00dft am 1. September&#8230;<\/p>\n<p>Auch interessant<\/p>\n<p>Anzeige<\/p>\n<p>Auch interessant<\/p>\n<p>Anzeige<\/p>\n<p><b>BILD checkt 3 neue Schalke-Ger\u00fcchte: Was l\u00e4uft da mit Bochums Passlack?<\/b><\/p>\n<p>\u25ba <b>Hybrid-Au\u00dfenverteidiger:<\/b><\/p>\n<p>Nach dem Blitz-Abgang von Taylan Bulut (19\/f\u00fcr knapp 6 Mio. Euro plus Boni zu Besiktas Istanbul) wird jetzt Ersatz ben\u00f6tigt. Dabei haben sich die K\u00f6nigsblauen mit VfL-Profi Felix Passlack (27\/Vertrag bis 2026) besch\u00e4ftigt, weil der bekennende Schalke-Fan rechts UND links spielen kann. Aktuell wird aber noch ein m\u00f6glichst spielst\u00e4rkerer Kandidat gesucht.<\/p>\n<p>\u25ba <b>Mittelfeld-Stratege:<\/b><\/p>\n<p>Schalke kontaktierte HSV-Anf\u00fchrer Jonas Meffert (30\/Kontrakt bis 2026), um den besseren Ron Schallenberg (26) zu holen. Die Bosse halten den einstigen K\u00f6nigs-Transfer (2023 f\u00fcr 2 Mio. Euro von Paderborn) nicht f\u00fcr die Idealbesetzung auf der \u201e6\u201c, legten ihm einen Wechsel nahe (BILD berichtete). Doch als neuer Vize-Kapit\u00e4n ist Meffert pl\u00f6tzlich wieder eine Gr\u00f6\u00dfe beim Bundesliga-Aufsteiger, stand im Pokal in Pirmasens (2:1 n.V.) in der HSV-Startelf.<\/p>\n<p>\u25ba <b>Sylla-K\u00e4ufer:<\/b><\/p>\n<p>MLS-Klub Washington D.C. United ist an dem Tafelsilber-Star interessiert, Trainer Ren\u00e9 Weiler (51\/vorher u.a. N\u00fcrnberg) sammelt Informationen \u00fcber Moussa Sylla (25). Die geforderten 7 Mio. Euro plus Boni wollen die Amerikaner aber nicht zahlen, eine Einigung scheint ausgeschlossen.<\/p>\n<p>Auf Berater-Ebene soll es einige Sylla-Anfragen geben, konkrete Angebote in Baumanns Mail-Briefkasten bisher nicht. Die derzeit hei\u00dfeste Spur f\u00fchrt wohl nach Belgien zum RSC Anderlecht.<\/p>\n<p><b>Fazit: Baumann ben\u00f6tigt im Transfer-Endspurt starke Nerven!<\/b><\/p>\n<p>\u00dcbrigens: Wer sehen will, wie Schalkes Spieler vorm Pott-Knaller drauf sind, kann sich am Donnerstag einen Eindruck machen. F\u00fcr 10.45 Uhr hat Muslic das einzige \u00f6ffentliche Training in der Derby-Woche angesetzt. <\/p>\n","protected":false},"excerpt":{"rendered":"Schalke schwer im Stress! W\u00e4hrend Trainer Miron Muslic (42) sein Team auf das Derby gegen Bochum (Sa., 20.30&hellip;\n","protected":false},"author":2,"featured_media":359958,"comment_status":"","ping_status":"","sticky":false,"template":"","format":"standard","meta":{"footnotes":""},"categories":[5],"tags":[621,331,332,46551,3364,29,18391,347,3658,30,13,53915,14,15,99182,12,819,4581,82742,45,99183,46552,784],"class_list":{"0":"post-359957","1":"post","2":"type-post","3":"status-publish","4":"format-standard","5":"has-post-thumbnail","7":"category-nachrichten","8":"tag-2-bundesliga","9":"tag-aktuelle-nachrichten","10":"tag-aktuelle-news","11":"tag-baumann-frank","12":"tag-de","13":"tag-deutschland","14":"tag-fc-schalke","15":"tag-fussball","16":"tag-gelsenkirchen","17":"tag-germany","18":"tag-headlines","19":"tag-meffert-jonas","20":"tag-nachrichten","21":"tag-news","22":"tag-passlack-felix","23":"tag-schlagzeilen","24":"tag-sport-leuchtturm-essen","25":"tag-sport-tag-im-ticker","26":"tag-sylla-moussa","27":"tag-texttospeech","28":"tag-weiler-rene","29":"tag-wenzel-peter","30":"tag-zweite-bundesliga"},"share_on_mastodon":{"url":"https:\/\/pubeurope.com\/@de\/115062559525539607","error":""},"_links":{"self":[{"href":"https:\/\/www.europesays.com\/de\/wp-json\/wp\/v2\/posts\/359957","targetHints":{"allow":["GET"]}}],"collection":[{"href":"https:\/\/www.europesays.com\/de\/wp-json\/wp\/v2\/posts"}],"about":[{"href":"https:\/\/www.europesays.com\/de\/wp-json\/wp\/v2\/types\/post"}],"author":[{"embeddable":true,"href":"https:\/\/www.europesays.com\/de\/wp-json\/wp\/v2\/users\/2"}],"replies":[{"embeddable":true,"href":"https:\/\/www.europesays.com\/de\/wp-json\/wp\/v2\/comments?post=359957"}],"version-history":[{"count":0,"href":"https:\/\/www.europesays.com\/de\/wp-json\/wp\/v2\/posts\/359957\/revisions"}],"wp:featuredmedia":[{"embeddable":true,"href":"https:\/\/www.europesays.com\/de\/wp-json\/wp\/v2\/media\/359958"}],"wp:attachment":[{"href":"https:\/\/www.europesays.com\/de\/wp-json\/wp\/v2\/media?parent=359957"}],"wp:term":[{"taxonomy":"category","embeddable":true,"href":"https:\/\/www.europesays.com\/de\/wp-json\/wp\/v2\/categories?post=359957"},{"taxonomy":"post_tag","embeddable":true,"href":"https:\/\/www.europesays.com\/de\/wp-json\/wp\/v2\/tags?post=359957"}],"curies":[{"name":"wp","href":"https:\/\/api.w.org\/{rel}","templated":true}]}}