{"id":359959,"date":"2025-08-20T18:41:11","date_gmt":"2025-08-20T18:41:11","guid":{"rendered":"https:\/\/www.europesays.com\/de\/359959\/"},"modified":"2025-08-20T18:41:11","modified_gmt":"2025-08-20T18:41:11","slug":"deutschland-tour-waerenskjold-prolog-sieger","status":"publish","type":"post","link":"https:\/\/www.europesays.com\/de\/359959\/","title":{"rendered":"Deutschland Tour: W\u00e4renskjold Prolog-Sieger"},"content":{"rendered":"<p><img src=\"https:\/\/www.europesays.com\/de\/wp-content\/uploads\/2025\/08\/waerenskjold-102~3840x2160\"  alt=\"S\u00f6ren W\u00e4renskjold beim Prolog der Deutschland Tour 2025\" decoding=\"async\" loading=\"eager\"  style=\"object-fit:cover;object-position:center\" fetchpriority=\"high\" class=\"f1mqliu0\"\/><\/p>\n<p class=\"cqlj8pf c1pbsmr2\">Wird im Blauen Trikot des Spitzenreiters die erste Etappe angehen: Prolog-Sieger S\u00f6ren W\u00e4renskjold.<\/p>\n<p>Quelle: ddp \/ Revierfoto<\/p>\n<p class=\"r1nj4qn5\">S\u00f6ren W\u00e4renskjold hat bei der Deutschland Tour den Prolog gewonnen. Der Norweger geht damit im Blauen Trikot des Gesamtf\u00fchrenden in die erste Etappe am Donnerstag von Essen nach Herford (live in der ARD).<\/p>\n<p class=\"r1nj4qn5\">Der Abstand auf den Briten Samuel Watson betr\u00e4gt allerdings weniger als eine Sekunde. Auf Platz drei kam der \u00d6sterreicher Marco Haller. Aufgrund des \u00fcberwiegend flachen Terrains der Rundfahrt k\u00f6nnen f\u00fcr den Gesamtsieg wenige Sekunden den Unterschied machen.<\/p>\n<p>Die Etappen der Deutschland-Tour<\/p>\n<ul>\n<li>Prolog, Mittwoch: Essen (3,1 Kilometer \/ 64 H\u00f6henmeter)<\/li>\n<li>1. Etappe, Donnerstag: Essen &#8211; Herford (203 km \/ 1.330 HM)<\/li>\n<li>2. Etappe, Freitag: Herford &#8211; Arnsberg (190 km \/ 2.400 HM)<\/li>\n<li>3. Etappe, Samstag: Arnsberg Kassel (176 km \/ 2.720 HM). Dort nach Zielankunft ein Transfer<\/li>\n<li>4. Etappe, Sonntag: Halle\/S. &#8211; Magdeburg (164 km \/ 910 HM)<\/li>\n<\/ul>\n<p>Florian Lipowitz mit Rang 36 &#8222;zufrieden&#8220;<\/p>\n<p class=\"r1nj4qn5\"><a data-testid=\"richtext-link\" class=\"b7kurox _nl_\" id=\"2a1a37bb\" href=\"https:\/\/www.zdfheute.de\/thema\/florian-lipowitz-110.html\" rel=\"nofollow noopener\" target=\"_blank\">Florian Lipowitz<\/a> hat sich nach seinem sensationellen dritten Platz bei der Tour de France mit einem durchwachsenen Auftritt zur\u00fcckgemeldet. Der Publikumsliebling vom Team Red Bull Bora-hansgrohe kam bei dem nur 3,1 Kilometer langen Rennen auf dem Gel\u00e4nde der Zeche Zollverein in Essen auf Rang 36.<\/p>\n<p class=\"r1nj4qn5\">&#8222;Drei Kilometer ist nicht so mein Ding, vor allem, wenn man l\u00e4nger kein Rennen gefahren ist. Aber ich habe es genossen, es waren super viele Fans da&#8220;, sagte Lipowitz im ZDF. Mit seinem Auftakt sei er &#8222;ganz zufrieden&#8220;.<\/p>\n<p><img decoding=\"async\" loading=\"lazy\" fetchpriority=\"low\" alt=\"Florian Lipowitz | Drittplatzierter Tour de France 2025\" class=\"pei0kpe\"\/><\/p>\n<p class=\"c1pbsmr2\">Knapp einen Monat nach seinem dritten Platz bei der Tour de France tritt Deutschlands Radsport-Shootingstar Florian Lipowitz zum ersten Mal bei der Deutschland Tour in die Pedale.<\/p>\n<p>20.08.2025 | 1:31 min<\/p>\n<p class=\"r1nj4qn5\">Dass Lipowitz um den Gesamtsieg mitf\u00e4hrt, ist ohnehin nicht zu erwarten. Das Profil der Strecke liegt ihm nicht. Er selbst sieht die Deutschland Tour eher als &#8222;Training&#8220;, auch weil er nach einer Urlaubspause am Gardasee nach der Frankreich-Rundfahrt zuletzt krankheitsbedingt k\u00fcrzertreten musste. Mit seinem Start wolle er Fans und Team &#8222;etwas zur\u00fcckgeben&#8220;.<\/p>\n<p>Milan und van Aert die Favoriten<\/p>\n<p class=\"r1nj4qn5\">Favorisiert sind bei dem f\u00fcnft\u00e4gigen Event die Sprinter und Klassikerj\u00e4ger. Fahrer wie der Italiener Jonathan Milan,\u00a0der bei der\u00a0Tour de France zwei Tagessiege und den Gewinn des Gr\u00fcnen Trikots feierte, oder der belgische Top-Star Wout van Aert, zuletzt Gewinner der Tour-Schlussetappe in Paris, d\u00fcrften eher um Siege streiten.<\/p>\n<p>Radsport: Start am 20. August<\/p>\n<p>:<a class=\"b7kurox f1mro3s7 l19gckv _nl_\" id=\"82b417d6\" href=\"https:\/\/www.zdfheute.de\/sport\/radsport-deutschlandtour-historie-100.html\" rel=\"nofollow noopener\" target=\"_blank\">Das Auf und Ab der Deutschland Tour<\/a><\/p>\n<p>Die Deutschland Tour, die Mittwoch startet, hat eine wechselvolle Historie. Gepr\u00e4gt von \u00f6konomischen Krisen und Missbrauch durch die Nazis, kommt sie heute eher bescheiden daher.<\/p>\n<p>von Erik Eggers<\/p>\n<p><img src=\"https:\/\/www.europesays.com\/de\/wp-content\/uploads\/2025\/08\/deutsche-teilnehmer-1931-deutschland-tour-und-tour-de-france-100~1500x800\"  alt=\"Deutsche Teilnehmer an der Deutschland Tour und der Tour de France 1931: v.l.n.r.: Metze, Geyer, Buse, Betreuer Matze Schmidt, Siegel, St\u00f6pel.\" decoding=\"async\" loading=\"lazy\"  style=\"object-fit:cover;object-position:center\" fetchpriority=\"low\" class=\"f1mqliu0\"\/><\/p>\n<p class=\"r1nj4qn5\">Nach langer Pause gab auch John Degenkolb in Essen sein Comeback. Der Routinier war bei der Flandern-Rundfahrt Anfang April heftig zu Fall gekommen und erlitt dabei Frakturen an Schl\u00fcsselbein, Ellbogen und Handgelenk.<\/p>\n<p class=\"r1nj4qn5\">&#8222;Ich bin mega happy einfach. Auch wenn das sehr, sehr schmerzhaft war&#8220;, sagte Degenkolb im ZDF: &#8222;Der Blutgeschmack bleibt noch ein paar Minuten im Mund. Es tut so gut, wieder zur\u00fcck zu sein und dabei zu sein.&#8220;<\/p>\n<p>Erste Etappe auf flachem Terrain<\/p>\n<p class=\"r1nj4qn5\">Am Donnerstag geht es f\u00fcr das Feld auf der ersten Etappe \u00fcber 202,6 Kilometer und \u00fcberwiegend flaches Terrain nach Herford. Der Teilabschnitt bietet den Sprintern um Milan, Phil Bauhaus und Pascal Ackermann die erste gro\u00dfe Chance auf einen Etappensieg. Die Rundfahrt endet am Sonntag in Magdeburg.<\/p>\n<p>ARD\/ZDF-Sendezeiten<\/p>\n<p class=\"r1nj4qn5\"><strong>Mittwoch, 20. August: Prolog<\/strong><br \/>16:20 &#8211; 18:30 ZDF-Livestream<\/p>\n<p><strong>Donnerstag, 21. August: 1. Etappe<\/strong><br \/>14:10 &#8211; 17:00 ARD<\/p>\n<p><strong>Freitag, 22. August: 2. Etappe<\/strong><br \/>15:05 &#8211; 17:00 ZDF<\/p>\n<p><strong>Samstag, 23. August: 3. Etappe<\/strong><br \/>14:00 &#8211; 17:00 ARD<\/p>\n<p><strong>Sonntag, 24. August: 4. Etappe<\/strong><br \/>16:15 &#8211; 18:00 ZDF (zusammen mit Kanu-WM)<\/p>\n<p>Quelle: SID<\/p>\n","protected":false},"excerpt":{"rendered":"Wird im Blauen Trikot des Spitzenreiters die erste Etappe angehen: Prolog-Sieger S\u00f6ren W\u00e4renskjold. Quelle: ddp \/ Revierfoto S\u00f6ren&hellip;\n","protected":false},"author":2,"featured_media":359960,"comment_status":"","ping_status":"","sticky":false,"template":"","format":"standard","meta":{"footnotes":""},"categories":[2],"tags":[331,3924,332,3922,3364,29,30,13,14,3923,15,3921,12],"class_list":{"0":"post-359959","1":"post","2":"type-post","3":"status-publish","4":"format-standard","5":"has-post-thumbnail","7":"category-deutschland","8":"tag-aktuelle-nachrichten","9":"tag-aktuelle-nachrichten-aus-deutschland","10":"tag-aktuelle-news","11":"tag-aktuelle-news-aus-deutschland","12":"tag-de","13":"tag-deutschland","14":"tag-germany","15":"tag-headlines","16":"tag-nachrichten","17":"tag-nachrichten-aus-deutschland","18":"tag-news","19":"tag-news-aus-deutschland","20":"tag-schlagzeilen"},"share_on_mastodon":{"url":"https:\/\/pubeurope.com\/@de\/115062563414789120","error":""},"_links":{"self":[{"href":"https:\/\/www.europesays.com\/de\/wp-json\/wp\/v2\/posts\/359959","targetHints":{"allow":["GET"]}}],"collection":[{"href":"https:\/\/www.europesays.com\/de\/wp-json\/wp\/v2\/posts"}],"about":[{"href":"https:\/\/www.europesays.com\/de\/wp-json\/wp\/v2\/types\/post"}],"author":[{"embeddable":true,"href":"https:\/\/www.europesays.com\/de\/wp-json\/wp\/v2\/users\/2"}],"replies":[{"embeddable":true,"href":"https:\/\/www.europesays.com\/de\/wp-json\/wp\/v2\/comments?post=359959"}],"version-history":[{"count":0,"href":"https:\/\/www.europesays.com\/de\/wp-json\/wp\/v2\/posts\/359959\/revisions"}],"wp:featuredmedia":[{"embeddable":true,"href":"https:\/\/www.europesays.com\/de\/wp-json\/wp\/v2\/media\/359960"}],"wp:attachment":[{"href":"https:\/\/www.europesays.com\/de\/wp-json\/wp\/v2\/media?parent=359959"}],"wp:term":[{"taxonomy":"category","embeddable":true,"href":"https:\/\/www.europesays.com\/de\/wp-json\/wp\/v2\/categories?post=359959"},{"taxonomy":"post_tag","embeddable":true,"href":"https:\/\/www.europesays.com\/de\/wp-json\/wp\/v2\/tags?post=359959"}],"curies":[{"name":"wp","href":"https:\/\/api.w.org\/{rel}","templated":true}]}}