{"id":359961,"date":"2025-08-20T18:42:10","date_gmt":"2025-08-20T18:42:10","guid":{"rendered":"https:\/\/www.europesays.com\/de\/359961\/"},"modified":"2025-08-20T18:42:10","modified_gmt":"2025-08-20T18:42:10","slug":"ausstellung-ueber-psychische-belastungen-in-bonn-kulturnachrichten-kultur","status":"publish","type":"post","link":"https:\/\/www.europesays.com\/de\/359961\/","title":{"rendered":"Ausstellung \u00fcber psychische Belastungen in Bonn &#8211; Kulturnachrichten &#8211; Kultur"},"content":{"rendered":"<p class=\"text small\">Die Schau soll dazu anregen, offener \u00fcber psychischen Belastungen zu sprechen. Nach Angaben des Universit\u00e4tsmuseums Bonn werden bis zum 9. November dazu rund hundert Werke gezeigt, etwa durch Malerei, Manga, digitale Medien und Mixed-Media. <\/p>\n<p class=\"text small\">Pr\u00e4sentiert werden die Arbeiten von Nikola Heinz, Jessica Hoffmann, Tamara Sans-Raimbault, Katharina Vogelsberg und Johanna Schneider. Die f\u00fcnf Studentinnen haben die Gruppe &#8222;Die Kunsttanten Uni Bonn&#8220; gegr\u00fcndet, um sich \u00fcber das Studium hinaus kreativ auszutauschen. Kunst k\u00f6nne im oft herausfordernden Alltag ein Ventil f\u00fcr Emotionen sein.<\/p>\n<p class=\"text small\">Die Kulturnachrichten h\u00f6ren Sie in den Sendungen Mosaik und Resonanzen auf WDR 3 sowie Westart auf WDR 3 und WDR 5.<\/p>\n","protected":false},"excerpt":{"rendered":"Die Schau soll dazu anregen, offener \u00fcber psychischen Belastungen zu sprechen. Nach Angaben des Universit\u00e4tsmuseums Bonn werden bis&hellip;\n","protected":false},"author":2,"featured_media":359962,"comment_status":"","ping_status":"","sticky":false,"template":"","format":"standard","meta":{"footnotes":""},"categories":[1842],"tags":[1741,3364,29,30,1209],"class_list":{"0":"post-359961","1":"post","2":"type-post","3":"status-publish","4":"format-standard","5":"has-post-thumbnail","7":"category-bonn","8":"tag-bonn","9":"tag-de","10":"tag-deutschland","11":"tag-germany","12":"tag-nordrhein-westfalen"},"share_on_mastodon":{"url":"https:\/\/pubeurope.com\/@de\/115062567288706708","error":""},"_links":{"self":[{"href":"https:\/\/www.europesays.com\/de\/wp-json\/wp\/v2\/posts\/359961","targetHints":{"allow":["GET"]}}],"collection":[{"href":"https:\/\/www.europesays.com\/de\/wp-json\/wp\/v2\/posts"}],"about":[{"href":"https:\/\/www.europesays.com\/de\/wp-json\/wp\/v2\/types\/post"}],"author":[{"embeddable":true,"href":"https:\/\/www.europesays.com\/de\/wp-json\/wp\/v2\/users\/2"}],"replies":[{"embeddable":true,"href":"https:\/\/www.europesays.com\/de\/wp-json\/wp\/v2\/comments?post=359961"}],"version-history":[{"count":0,"href":"https:\/\/www.europesays.com\/de\/wp-json\/wp\/v2\/posts\/359961\/revisions"}],"wp:featuredmedia":[{"embeddable":true,"href":"https:\/\/www.europesays.com\/de\/wp-json\/wp\/v2\/media\/359962"}],"wp:attachment":[{"href":"https:\/\/www.europesays.com\/de\/wp-json\/wp\/v2\/media?parent=359961"}],"wp:term":[{"taxonomy":"category","embeddable":true,"href":"https:\/\/www.europesays.com\/de\/wp-json\/wp\/v2\/categories?post=359961"},{"taxonomy":"post_tag","embeddable":true,"href":"https:\/\/www.europesays.com\/de\/wp-json\/wp\/v2\/tags?post=359961"}],"curies":[{"name":"wp","href":"https:\/\/api.w.org\/{rel}","templated":true}]}}