{"id":359982,"date":"2025-08-20T18:54:13","date_gmt":"2025-08-20T18:54:13","guid":{"rendered":"https:\/\/www.europesays.com\/de\/359982\/"},"modified":"2025-08-20T18:54:13","modified_gmt":"2025-08-20T18:54:13","slug":"gemeinsam-fuer-freiheit-und-vielfalt","status":"publish","type":"post","link":"https:\/\/www.europesays.com\/de\/359982\/","title":{"rendered":"Gemeinsam f\u00fcr Freiheit und Vielfalt"},"content":{"rendered":"<p>Die Caritas und der Bund der Deutschen Katholischen Jugend im Bistum Essen (BDKJ) laden Jugendliche, junge Erwachsene, Familien und alle anderen Interessierten ein, in der Essener Innenstadt Demokratie spielerisch zu erleben. Mit Aktionen, U16-Wahl und prominenten G\u00e4sten steht Vielfalt und Mitbestimmung im Mittelpunkt.<\/p>\n<p>\t\t\t\t\t\t\t\t\t\t\t\t\t\t<img loading=\"lazy\" decoding=\"async\" class=\"img-responsive\" title=\"Symbolfoto: Nicole Cronauge | Bistum Essen\" src=\"https:\/\/www.europesays.com\/de\/wp-content\/uploads\/2025\/08\/csm_240201_Gebet__2__98d7c0b702.jpg\" width=\"945\" height=\"630\" alt=\"\"\/><\/p>\n<p>60987<\/p>\n<p> Symbolfoto: Nicole Cronauge | Bistum Essen<\/p>\n<p>\u201eMensch Leute! W\u00e4hlt Freiheit!\u201c hei\u00dft das Motto des Demokratiefests, zu dem zahlreiche katholische Einrichtungen gemeinsam mit vielen Partnerinnen und Partnern am Mittwoch, 3. September, von 17 bis 20 Uhr insbesondere Jugendliche, junge Erwachsene und Familien auf den Essener Burgplatz einladen. Organisiert von der <a href=\"http:\/\/www.caritas-essen.de\" target=\"_blank\" rel=\"nofollow noopener\">Caritas im Bistum Essen<\/a> und dem <a href=\"https:\/\/www.bdkj-dv-essen.de\/\" target=\"_blank\" rel=\"nofollow noopener\">BDKJ<\/a>, dem Dachverband der katholischen Jugendverb\u00e4nde, bietet das Fest im Herzen der Essener Innenstadt zahlreiche Gelegenheiten, spielerisch und kreativ \u00fcber den Wert der Demokratie, Vielfalt und gesellschaftlichen Zusammenhalt ins Gespr\u00e4ch zu kommen und sich so gemeinsam auf die Kommunalwahl am 14. September einzustimmen.<\/p>\n<p>Vielfalt und Beteiligung stehen im Mittelpunkt des Programms: Zahlreiche Verb\u00e4nde, Vereine und Organisationen \u2013 darunter youngcaritas, die Freiwilligendienste im Bistum Essen, das Mehrgenerationenhaus, die Mitmach-Agentur oder das Begegnungsangebot Mobilitea \u2013 laden zu vielen verschiedenen Mitmachaktionen ein. Neben einem Demokratie-Quiz, einer Graffiti- und Fotowand, Glitzer-Tattoos und einer Kunstaktion mit einer ukrainischen K\u00fcnstlerin gibt es viele weitere kreative Angebote. Ein besonderes Highlight ist das U16-Wahllokal: Hier k\u00f6nnen Kinder und Jugendliche unter 16 Jahren, die offiziell noch nicht w\u00e4hlen d\u00fcrfen, ihre Stimme f\u00fcr die Kommunalwahl abgeben. Die Ergebnisse vom Demokratiefest flie\u00dfen in die landesweiten Resultate der U16-Wahl ein.<\/p>\n<p>Auch Politikerinnen und Politiker der demokratischen Parteien sind vor Ort und diskutieren mit den G\u00e4sten \u00fcber deren Fragen, W\u00fcnsche und Ideen. Neben dem Essener Oberb\u00fcrgermeister Thomas Kufen (CDU) hat auch <a href=\"https:\/\/www.bistum-essen.de\/info\/bistum\/weihbischoefe\/weihbischof-ludger-schepers\" target=\"_blank\" rel=\"nofollow noopener\">Weihbischof Ludger Schepers<\/a> seinen Besuch zugesagt. F\u00fcr das Bistum Essen ist das Demokratiefest ein wichtiger Meilenstein in der Veranstaltungsreihe zum Jahresthema \u201eGemeinsam anders. Gesellschaft st\u00e4rken!\u201c. Unter dieser \u00dcberschrift bereichern die Bistumsakademie \u201eDie Wolfsburg\u201c, das Essener Medienforum, der Bereich Schule\/Hochschule im Bistum Essen und die Katholische Erwachsenen- und Familienbildung (KEFB) den Austausch \u00fcber politische und gesellschaftliche Themen. Das Fest steht zudem f\u00fcr die gelungene Zusammenarbeit vieler katholischer Organisationen mit Partnerinnen und Partnern aus anderen gesellschaftlichen Bereichen, wie sie im langfristig angelegten Prozess \u201eChristlich leben. Mittendrin.\u201c im gesamten Ruhrbistum Alltag werden soll.<\/p>\n<p>Dass Demokratie gelebt und gestaltet werden muss und dass daf\u00fcr auch die Mitbestimmung und die Stimmen der Kinder und Jugendlichen unverzichtbar sind, ist die Botschaft, die Caritas und BDKJ mit dem Fest verbinden. Denn Demokratie, so die Veranstalter, sei keine Selbstverst\u00e4ndlichkeit, sie lebe von Menschen, die sich mit Herz und Hand engagieren.<\/p>\n<p>Weitere Informationen zum Demokratiefest gibt es unter <a href=\"http:\/\/www.caritas-essen.de\" target=\"_blank\" rel=\"nofollow noopener\">www.caritas-essen.de<\/a>.<\/p>\n","protected":false},"excerpt":{"rendered":"Die Caritas und der Bund der Deutschen Katholischen Jugend im Bistum Essen (BDKJ) laden Jugendliche, junge Erwachsene, Familien&hellip;\n","protected":false},"author":2,"featured_media":359983,"comment_status":"","ping_status":"","sticky":false,"template":"","format":"standard","meta":{"footnotes":""},"categories":[1834],"tags":[3364,29,3688,30,1209],"class_list":{"0":"post-359982","1":"post","2":"type-post","3":"status-publish","4":"format-standard","5":"has-post-thumbnail","7":"category-essen","8":"tag-de","9":"tag-deutschland","10":"tag-essen","11":"tag-germany","12":"tag-nordrhein-westfalen"},"share_on_mastodon":{"url":"https:\/\/pubeurope.com\/@de\/115062614659670006","error":""},"_links":{"self":[{"href":"https:\/\/www.europesays.com\/de\/wp-json\/wp\/v2\/posts\/359982","targetHints":{"allow":["GET"]}}],"collection":[{"href":"https:\/\/www.europesays.com\/de\/wp-json\/wp\/v2\/posts"}],"about":[{"href":"https:\/\/www.europesays.com\/de\/wp-json\/wp\/v2\/types\/post"}],"author":[{"embeddable":true,"href":"https:\/\/www.europesays.com\/de\/wp-json\/wp\/v2\/users\/2"}],"replies":[{"embeddable":true,"href":"https:\/\/www.europesays.com\/de\/wp-json\/wp\/v2\/comments?post=359982"}],"version-history":[{"count":0,"href":"https:\/\/www.europesays.com\/de\/wp-json\/wp\/v2\/posts\/359982\/revisions"}],"wp:featuredmedia":[{"embeddable":true,"href":"https:\/\/www.europesays.com\/de\/wp-json\/wp\/v2\/media\/359983"}],"wp:attachment":[{"href":"https:\/\/www.europesays.com\/de\/wp-json\/wp\/v2\/media?parent=359982"}],"wp:term":[{"taxonomy":"category","embeddable":true,"href":"https:\/\/www.europesays.com\/de\/wp-json\/wp\/v2\/categories?post=359982"},{"taxonomy":"post_tag","embeddable":true,"href":"https:\/\/www.europesays.com\/de\/wp-json\/wp\/v2\/tags?post=359982"}],"curies":[{"name":"wp","href":"https:\/\/api.w.org\/{rel}","templated":true}]}}