{"id":359984,"date":"2025-08-20T18:55:17","date_gmt":"2025-08-20T18:55:17","guid":{"rendered":"https:\/\/www.europesays.com\/de\/359984\/"},"modified":"2025-08-20T18:55:17","modified_gmt":"2025-08-20T18:55:17","slug":"radprofi-florian-lipowitz-bei-deutschland-tour-von-fans-gefeiert","status":"publish","type":"post","link":"https:\/\/www.europesays.com\/de\/359984\/","title":{"rendered":"Radprofi Florian Lipowitz bei Deutschland-Tour von Fans gefeiert"},"content":{"rendered":"<p>Deutschland-Tour <\/p>\n<p>Florian Lipowitz in Essen gefeiert: &#8222;Richtig cool&#8220;<\/p>\n<p>Aktualisiert am 20.08.2025 &#8211; 19:51 UhrLesedauer: 2 Min.<\/p>\n<p><a href=\"#focus-0\" class=\"transition-colors duration-200 focus-within:text-magenta block text-current relative\" data-sctrack=\"FocusGalleryImage.Reference\"><img fetchpriority=\"high\" data-testid=\"Opener.Image\" style=\"--lqipURL:url('https:\/\/images.t-online.de\/2025\/08\/8bh4GjwU554U\/0x158:2048x1152\/fit-in\/150x0\/filters:blur(25)\/radsport-deutschland-tour-essen-3-10-km-prolog-einzelzeitfahren-florian-lipowitz-vom-team-red-bull-bora-hansgrohe-aus-deutschland-faehrt-ins-ziel-ein-zu-dpa-richtig-cool-lipowitz-bei-deutschland-tour-gefeiert.jpg')\"   loading=\"eager\" src=\"https:\/\/www.europesays.com\/de\/wp-content\/uploads\/2025\/08\/radsport-deutschland-tour-essen-3-10-km-prolog-einzelzeitfahren-florian-lipowitz-vom-team-red-bull-b.jpeg\" alt=\"Deutschland Tour\" title=\"Deutschland Tour\" width=\"2048\" height=\"1152\" class=\"bg-[url:var(--lqipURL)] bg-cover bg-center flex h-full w-full max-w-full\" decoding=\"async\"\/><img style=\"--width:32;--height:32\" loading=\"lazy\" src=\"https:\/\/www.t-online.de\/s\/paper\/_next\/static\/media\/zoom-in.f7dae02f.svg\" alt=\"Vergr\u00f6\u00dfern des Bildes\" title=\"Vergr\u00f6\u00dfern des Bildes\" class=\"block h-[calc(var(--height)_\/_16_*_1rem)] w-[calc(var(--width)_\/_16_*_1rem)] max-w-none absolute bottom-8 right-8 rounded-4 bg-snow p-8\" decoding=\"async\"\/><\/a><\/p>\n<p>Florian Lipowitz f\u00e4hrt ins Ziel ein: Der Deutsche wurde in Essen von den Zuschauern angefeuert und gefeiert. (Quelle: Federico Gambarini\/dpa\/dpa-bilder)<\/p>\n<p class=\"font-bold text-18 leading-17\">Florian Lipowitz steigt zum ersten Mal nach seinem dritten Tour-Rang bei einem Profi-Rennen aufs Rad. In Essen l\u00e4sst er sich feiern.<\/p>\n<p class=\"text-18 leading-17\">Im Schatten des Weltkulturerbes Zeche Zollverein pr\u00e4sentierte sich <a class=\"transition-colors duration-200 cursor-pointer text-inherit no-underline text-salemsfur md:hover:text-magenta md:hover:border-magenta md:focus:text-magenta border-current border-b border-solid break-words\" href=\"https:\/\/www.t-online.de\/themen\/florian-lipowitz\/\" data-sctrack=\"BodyAnchor\" target=\"_blank\" rel=\"noopener\">Florian Lipowitz<\/a> den deutschen Fans und genoss den ersten gro\u00dfen Renn-Auftritt nach seinem erfolgreichen dritten Gesamtrang bei der Tour de France. Etwa drei Wochen nach seinem gr\u00f6\u00dften Karriereerfolg hatte der 24 Jahre alte Bergspezialist beim flachen Einzelzeitfahren zum Auftakt der Deutschland-Tour zwar keine Aussichten auf den Tagessieg, aber der Zuspruch der Fans war dem Radstar sicher.<\/p>\n<p class=\"text-18 leading-17\">&#8222;Drei Kilometer sind nicht so mein Ding. Vor allem, wenn man jetzt l\u00e4nger kein Rennen mehr gefahren ist. Aber ich habe es genossen, es waren super viele Fans da. War richtig cool, wieder in Deutschland Rennen zu fahren&#8220;, sagte Lipowitz im <a class=\"transition-colors duration-200 cursor-pointer text-inherit no-underline text-salemsfur md:hover:text-magenta md:hover:border-magenta md:focus:text-magenta border-current border-b border-solid break-words\" href=\"https:\/\/www.t-online.de\/themen\/zdf\/\" data-sctrack=\"BodyAnchor\" target=\"_blank\" rel=\"noopener\">ZDF<\/a>.<\/p>\n<p class=\"text-18 leading-17\">Nach 3,1 Kilometern beim Prolog <a class=\"transition-colors duration-200 cursor-pointer text-inherit no-underline text-salemsfur md:hover:text-magenta md:hover:border-magenta md:focus:text-magenta border-current border-b border-solid break-words\" href=\"https:\/\/www.t-online.de\/region\/essen\/\" data-sctrack=\"BodyAnchor\" target=\"_blank\" rel=\"noopener\">in Essen<\/a> erlebte Lipowitz, wie der Norweger S\u00f6ren Waerenskjold am Mittwoch den Tagessieg holte. Der Brite Samuel Watson kam knapp dahinter auf den zweiten Rang, der \u00d6sterreicher Marco Haller wurde Dritter. Bester Deutscher war Marius Mayrhofer auf Platz 14. Lipowitz wurde 36. der Tageswertung.<\/p>\n<p class=\"text-18 leading-17\">Zuletzt erholte sich der Senkrechtstarter von seiner ersten Frankreich-Rundfahrt in <a class=\"transition-colors duration-200 cursor-pointer text-inherit no-underline text-salemsfur md:hover:text-magenta md:hover:border-magenta md:focus:text-magenta border-current border-b border-solid break-words\" href=\"https:\/\/www.t-online.de\/themen\/suedtirol\/\" data-sctrack=\"BodyAnchor\" target=\"_blank\" rel=\"noopener\">S\u00fcdtirol<\/a> und am <a class=\"transition-colors duration-200 cursor-pointer text-inherit no-underline text-salemsfur md:hover:text-magenta md:hover:border-magenta md:focus:text-magenta border-current border-b border-solid break-words\" href=\"https:\/\/www.t-online.de\/themen\/gardasee\/\" data-sctrack=\"BodyAnchor\" target=\"_blank\" rel=\"noopener\">Gardasee<\/a>. Wenn man &#8222;zwei, drei Wochen nicht so viel Rad gefahren ist&#8220;, dann sei es &#8222;hart&#8220;, wieder hereinzukommen. &#8222;Aber ich bin ganz zufrieden&#8220;, sagte der fr\u00fchere Biathlet, der zuletzt in seiner Heimatstadt Laichingen begeistert empfangen worden war und sich ins Goldene Buch der w\u00fcrttembergischen Stadt eintragen durfte.<\/p>\n<p class=\"text-18 leading-17\">Neben Lipowitz starteten weitere Stars bei der Tour. Der K\u00f6lner Nils Politt \u2013 Teamkollege des Tour-de-France-Titelverteidigers Tadej Pogacar \u2013 wurde begeistert empfangen. Auch der zehnmalige Tour-Etappensieger Wout van Aert aus Belgier geriet in den Fokus vieler Fans, bevor er sich am Abend auf den verwinkelten Parcours aufmachte. Sprint-Experte Jonathan Milan aus <a class=\"transition-colors duration-200 cursor-pointer text-inherit no-underline text-salemsfur md:hover:text-magenta md:hover:border-magenta md:focus:text-magenta border-current border-b border-solid break-words\" href=\"https:\/\/www.t-online.de\/themen\/italien\/\" data-sctrack=\"BodyAnchor\" target=\"_blank\" rel=\"noopener\">Italien<\/a> macht sich nach seinen drei Etappenerfolgen bei der D-Tour im vergangenen Jahr Hoffnung auf weitere Erfolge.<\/p>\n<p class=\"text-18 leading-17\">Aus deutscher Sicht gab es zwei bedeutende Comebacks. <a class=\"transition-colors duration-200 cursor-pointer text-inherit no-underline text-salemsfur md:hover:text-magenta md:hover:border-magenta md:focus:text-magenta border-current border-b border-solid break-words\" href=\"https:\/\/www.t-online.de\/themen\/john-degenkolb\/\" data-sctrack=\"BodyAnchor\" target=\"_blank\" rel=\"noopener\">John Degenkolb<\/a> und Nikias Arndt feierten ihre R\u00fcckkehr auf das Rad. Routinier Degenkolb (36) startete unter gro\u00dfem Beifall kurz vor 17 Uhr und wurde mit viel Beifall angefeuert. Der einmalige Tour-de-France-Etappensieger hatte sich bei der Flandern-Rundfahrt im Fr\u00fchjahr mehrere Br\u00fcche zugezogen. Der 33 Jahre alte Arndt pausierte seit Ende M\u00e4rz. In <a class=\"transition-colors duration-200 cursor-pointer text-inherit no-underline text-salemsfur md:hover:text-magenta md:hover:border-magenta md:focus:text-magenta border-current border-b border-solid break-words\" href=\"https:\/\/www.t-online.de\/themen\/belgien\/\" data-sctrack=\"BodyAnchor\" target=\"_blank\" rel=\"noopener\">Belgien<\/a> hatte sich der Profi bei einem Massensturz schwer verletzt und einen Wirbelbruch davongetragen.<\/p>\n","protected":false},"excerpt":{"rendered":"Deutschland-Tour Florian Lipowitz in Essen gefeiert: &#8222;Richtig cool&#8220; Aktualisiert am 20.08.2025 &#8211; 19:51 UhrLesedauer: 2 Min. Florian Lipowitz&hellip;\n","protected":false},"author":2,"featured_media":359985,"comment_status":"","ping_status":"","sticky":false,"template":"","format":"standard","meta":{"footnotes":""},"categories":[1834],"tags":[11284,3364,29,20561,41612,3688,62631,30,1209,16563,99185,34902],"class_list":{"0":"post-359984","1":"post","2":"type-post","3":"status-publish","4":"format-standard","5":"has-post-thumbnail","7":"category-essen","8":"tag-zeche-zollverein","9":"tag-de","10":"tag-deutschland","11":"tag-deutschlandtour","12":"tag-einzelzeitfahren","13":"tag-essen","14":"tag-florian-lipowitz","15":"tag-germany","16":"tag-nordrhein-westfalen","17":"tag-radrennen","18":"tag-rundfahrt","19":"tag-tour-de-france"},"share_on_mastodon":{"url":"https:\/\/pubeurope.com\/@de\/115062618563220227","error":""},"_links":{"self":[{"href":"https:\/\/www.europesays.com\/de\/wp-json\/wp\/v2\/posts\/359984","targetHints":{"allow":["GET"]}}],"collection":[{"href":"https:\/\/www.europesays.com\/de\/wp-json\/wp\/v2\/posts"}],"about":[{"href":"https:\/\/www.europesays.com\/de\/wp-json\/wp\/v2\/types\/post"}],"author":[{"embeddable":true,"href":"https:\/\/www.europesays.com\/de\/wp-json\/wp\/v2\/users\/2"}],"replies":[{"embeddable":true,"href":"https:\/\/www.europesays.com\/de\/wp-json\/wp\/v2\/comments?post=359984"}],"version-history":[{"count":0,"href":"https:\/\/www.europesays.com\/de\/wp-json\/wp\/v2\/posts\/359984\/revisions"}],"wp:featuredmedia":[{"embeddable":true,"href":"https:\/\/www.europesays.com\/de\/wp-json\/wp\/v2\/media\/359985"}],"wp:attachment":[{"href":"https:\/\/www.europesays.com\/de\/wp-json\/wp\/v2\/media?parent=359984"}],"wp:term":[{"taxonomy":"category","embeddable":true,"href":"https:\/\/www.europesays.com\/de\/wp-json\/wp\/v2\/categories?post=359984"},{"taxonomy":"post_tag","embeddable":true,"href":"https:\/\/www.europesays.com\/de\/wp-json\/wp\/v2\/tags?post=359984"}],"curies":[{"name":"wp","href":"https:\/\/api.w.org\/{rel}","templated":true}]}}