{"id":359994,"date":"2025-08-20T19:00:11","date_gmt":"2025-08-20T19:00:11","guid":{"rendered":"https:\/\/www.europesays.com\/de\/359994\/"},"modified":"2025-08-20T19:00:11","modified_gmt":"2025-08-20T19:00:11","slug":"nordrhein-westfalen-erster-mutmasslicher-gewalttaeter-aus-bahnhofsumfeld-verbannt","status":"publish","type":"post","link":"https:\/\/www.europesays.com\/de\/359994\/","title":{"rendered":"Nordrhein-Westfalen: Erster mutma\u00dflicher Gewaltt\u00e4ter aus Bahnhofsumfeld verbannt"},"content":{"rendered":"<p>                    Nordrhein-Westfalen<br \/>\n                Erster mutma\u00dflicher Gewaltt\u00e4ter aus Bahnhofsumfeld verbannt<\/p>\n<p>\t\t\t\t              20.08.2025, 18:33 Uhr<\/p>\n<p><strong>Die Polizei hat in D\u00fcsseldorf erstmals einen mutma\u00dflichen Gewaltt\u00e4ter dauerhaft aus dem Bahnhofsumfeld verbannt.<\/strong><\/p>\n<p>D\u00fcsseldorf (dpa\/lnw) &#8211; Die D\u00fcsseldorfer Polizei hat erstmals einen mutma\u00dflichen Gewaltt\u00e4ter aus dem Bereich des Hauptbahnhofs verbannt. Betroffen sei ein 31-J\u00e4hriger, dem 27 Gewalttaten zur Last gelegt werden, mehrere davon im Bahnhofsumfeld, teilte die Polizei mit. Allein im August soll er dort drei K\u00f6rperverletzungen und einen r\u00e4uberischen Diebstahl begangen haben.<\/p>\n<p>Um weitere Straftaten zu verhindern und Passanten zu sch\u00fctzen, habe die Polizei ihm nun verboten, den Bereich um den Bahnhof zu betreten. Die Ma\u00dfnahme werde k\u00fcnftig auch bei vergleichbaren F\u00e4llen gepr\u00fcft. Der 31-J\u00e4hrige sei seit November 2024 geh\u00e4uft in Erscheinung getreten.\u00a0<\/p>\n<p>Das Verbot gilt f\u00fcr drei Monate. Bei einem Versto\u00df drohen ihm 500 Euro Zwangsgeld oder Ersatzhaft. Das Vorgehen steht im Zusammenhang mit dem Projekt &#8222;Sicherheit im Bahnhofsumfeld&#8220;, das die Stadt D\u00fcsseldorf gemeinsam mit Polizei und Bundespolizei im September 2024 gestartet hat. Ziel ist es, die Sicherheit rund um den Hauptbahnhof zu verbessern.<\/p>\n","protected":false},"excerpt":{"rendered":"Nordrhein-Westfalen Erster mutma\u00dflicher Gewaltt\u00e4ter aus Bahnhofsumfeld verbannt 20.08.2025, 18:33 Uhr Die Polizei hat in D\u00fcsseldorf erstmals einen mutma\u00dflichen&hellip;\n","protected":false},"author":2,"featured_media":359995,"comment_status":"","ping_status":"","sticky":false,"template":"","format":"standard","meta":{"footnotes":""},"categories":[1831],"tags":[41496,3364,29,3405,15576,30,99187,1209],"class_list":{"0":"post-359994","1":"post","2":"type-post","3":"status-publish","4":"format-standard","5":"has-post-thumbnail","7":"category-duesseldorf","8":"tag-bahnhofsumfeld","9":"tag-de","10":"tag-deutschland","11":"tag-duesseldorf","12":"tag-erster","13":"tag-germany","14":"tag-gewalttaeter","15":"tag-nordrhein-westfalen"},"share_on_mastodon":{"url":"https:\/\/pubeurope.com\/@de\/115062638214470690","error":""},"_links":{"self":[{"href":"https:\/\/www.europesays.com\/de\/wp-json\/wp\/v2\/posts\/359994","targetHints":{"allow":["GET"]}}],"collection":[{"href":"https:\/\/www.europesays.com\/de\/wp-json\/wp\/v2\/posts"}],"about":[{"href":"https:\/\/www.europesays.com\/de\/wp-json\/wp\/v2\/types\/post"}],"author":[{"embeddable":true,"href":"https:\/\/www.europesays.com\/de\/wp-json\/wp\/v2\/users\/2"}],"replies":[{"embeddable":true,"href":"https:\/\/www.europesays.com\/de\/wp-json\/wp\/v2\/comments?post=359994"}],"version-history":[{"count":0,"href":"https:\/\/www.europesays.com\/de\/wp-json\/wp\/v2\/posts\/359994\/revisions"}],"wp:featuredmedia":[{"embeddable":true,"href":"https:\/\/www.europesays.com\/de\/wp-json\/wp\/v2\/media\/359995"}],"wp:attachment":[{"href":"https:\/\/www.europesays.com\/de\/wp-json\/wp\/v2\/media?parent=359994"}],"wp:term":[{"taxonomy":"category","embeddable":true,"href":"https:\/\/www.europesays.com\/de\/wp-json\/wp\/v2\/categories?post=359994"},{"taxonomy":"post_tag","embeddable":true,"href":"https:\/\/www.europesays.com\/de\/wp-json\/wp\/v2\/tags?post=359994"}],"curies":[{"name":"wp","href":"https:\/\/api.w.org\/{rel}","templated":true}]}}