{"id":360151,"date":"2025-08-20T20:28:12","date_gmt":"2025-08-20T20:28:12","guid":{"rendered":"https:\/\/www.europesays.com\/de\/360151\/"},"modified":"2025-08-20T20:28:12","modified_gmt":"2025-08-20T20:28:12","slug":"trotz-2529-niederlage-ueberzeugender-auftritt-des-tvb-stuttgart-in-magdeburg-tvb-stuttgart-news-aus-der-handball-bundesliga","status":"publish","type":"post","link":"https:\/\/www.europesays.com\/de\/360151\/","title":{"rendered":"Trotz 25:29-Niederlage: \u00dcberzeugender Auftritt des TVB Stuttgart in Magdeburg &#8211; TVB Stuttgart: News aus der Handball-Bundesliga"},"content":{"rendered":"<p><strong>Magdeburg. <\/strong> F\u00fcr die Generalprobe vor dem Punktspielauftakt am 31. August in der Porsche-Arena (16.30 Uhr) gegen den HSV Hamburg h\u00e4tte sich der Handball-Erstligist TVB Stuttgart  kaum eine h\u00e4rtere Nuss als den SC Magdeburg  aussuchen k\u00f6nnen \u2013 doch der TVB zeigte keine Furcht und legte einen \u00fcber weite Strecken \u00fcberzeugenden Auftritt hin. Vor rund 6000 Zuschauern in der gut gef\u00fcllten Magdeburger Getec-Arena machte der TVB dem Champions-League-Sieger das Leben sehr schwer. Auch<\/p>\n","protected":false},"excerpt":{"rendered":"Magdeburg. F\u00fcr die Generalprobe vor dem Punktspielauftakt am 31. August in der Porsche-Arena (16.30 Uhr) gegen den HSV&hellip;\n","protected":false},"author":2,"featured_media":360152,"comment_status":"","ping_status":"","sticky":false,"template":"","format":"standard","meta":{"footnotes":"","_share_on_mastodon":"0"},"categories":[1830],"tags":[1634,3364,29,30,1391,7403,20455,51891,74607,9378,1441,7401],"class_list":["post-360151","post","type-post","status-publish","format-standard","has-post-thumbnail","category-stuttgart","tag-baden-wuerttemberg","tag-de","tag-deutschland","tag-germany","tag-handball","tag-handball-bundesliga","tag-kai-haefner","tag-misha-kaufmann","tag-rems-murr-sport","tag-sc-magdeburg","tag-stuttgart","tag-tvb-stuttgart"],"share_on_mastodon":{"url":"https:\/\/pubeurope.com\/@de\/115062984290693313","error":""},"_links":{"self":[{"href":"https:\/\/www.europesays.com\/de\/wp-json\/wp\/v2\/posts\/360151","targetHints":{"allow":["GET"]}}],"collection":[{"href":"https:\/\/www.europesays.com\/de\/wp-json\/wp\/v2\/posts"}],"about":[{"href":"https:\/\/www.europesays.com\/de\/wp-json\/wp\/v2\/types\/post"}],"author":[{"embeddable":true,"href":"https:\/\/www.europesays.com\/de\/wp-json\/wp\/v2\/users\/2"}],"replies":[{"embeddable":true,"href":"https:\/\/www.europesays.com\/de\/wp-json\/wp\/v2\/comments?post=360151"}],"version-history":[{"count":0,"href":"https:\/\/www.europesays.com\/de\/wp-json\/wp\/v2\/posts\/360151\/revisions"}],"wp:featuredmedia":[{"embeddable":true,"href":"https:\/\/www.europesays.com\/de\/wp-json\/wp\/v2\/media\/360152"}],"wp:attachment":[{"href":"https:\/\/www.europesays.com\/de\/wp-json\/wp\/v2\/media?parent=360151"}],"wp:term":[{"taxonomy":"category","embeddable":true,"href":"https:\/\/www.europesays.com\/de\/wp-json\/wp\/v2\/categories?post=360151"},{"taxonomy":"post_tag","embeddable":true,"href":"https:\/\/www.europesays.com\/de\/wp-json\/wp\/v2\/tags?post=360151"}],"curies":[{"name":"wp","href":"https:\/\/api.w.org\/{rel}","templated":true}]}}