{"id":360173,"date":"2025-08-20T20:43:54","date_gmt":"2025-08-20T20:43:54","guid":{"rendered":"https:\/\/www.europesays.com\/de\/360173\/"},"modified":"2025-08-20T20:43:54","modified_gmt":"2025-08-20T20:43:54","slug":"union-transfer-derrick-koehn-so-soll-er-dem-baumgart-team-helfen","status":"publish","type":"post","link":"https:\/\/www.europesays.com\/de\/360173\/","title":{"rendered":"Union-Transfer Derrick K\u00f6hn: So soll er dem Baumgart-Team helfen"},"content":{"rendered":"<p>\tFu\u00dfball-Bundesliga<br \/>\n\t &#8211; <\/p>\n<p>\t\tSo soll Derrick K\u00f6hn Union Berlin helfen<\/p>\n<p>\n        Mi 20.08.25 | 13:34 Uhr  | Von Till Oppermann\n    <\/p>\n<p><img decoding=\"async\" src=\"https:\/\/www.europesays.com\/de\/wp-content\/uploads\/2025\/08\/1755722631_474_size=708x398.jpg\" alt=\"Derrick K\u00f6hn, Union Berlin\" title=\"Derrick K\u00f6hn, Union Berlin\" id=\"1318928846\"\/>Bild: IMAGO\/Matthias Koch<\/p>\n<p>Die Neuverpflichtung von Derrick K\u00f6hn folgt Unions Strategie, mehr Tempo in die Mannschaft zu holen. Au\u00dferdem ist der Verein nun vorbereitet auf einen m\u00f6glichen Wechsel von Stammspieler Diogo Leite. Von Till Oppermann<\/p>\n<p>\t\t\t\t\t<a name=\"articlesContList\/text_0\"\/><\/p>\n<p>281-mal ermittelte Oberinspektor Stephan Derrick im ZDF. So viele Bundesliga-Spiele hat sein Namensvetter Derrick K\u00f6hn noch lange nicht. &#8222;Ich habe noch eine Rechnung mit der Bundesliga offen&#8220;, sagte er deshalb in einem Vorstellungsvideo auf Alte F\u00f6rsterei TV.<\/p>\n<p>Mit seinen Eltern, die ihn nach der ber\u00fchmten Fernsehserie benannten, kommt K\u00f6hn gl\u00fccklicherweise besser klar als mit der Spielzeit in seiner bisher ersten Bundesligasaison: &#8222;Ich mag den Namen&#8220;, so K\u00f6hn.<\/p>\n<p>\t\t\t\t\t<a name=\"articlesContList\/teaserbox\"\/><\/p>\n<p>\t\t\t\t\t<a name=\"articlesContList\/text_1361785619\"\/><br \/>\n\t\t\t\t\tIn Bremen am Ende nur Ersatz<\/p>\n<p>Nach Stationen bei Bayern M\u00fcnchen, Willem II Tilburg, Hannover 96, Galatasaray und Werder Bremen <a href=\"https:\/\/www.rbb24.de\/sport\/beitrag\/2025\/08\/fussball-bundesliga-transfer-union-berlin-verpflichtet-derrick-koehn-aus-istanbul.html\" rel=\"nofollow noopener\" target=\"_blank\">will K\u00f6hn sich bei Union endlich in der ersten deutschen Liga etablieren<\/a>. Unter Ole Werner kam der geb\u00fcrtige Hamburger in der vergangenen Saison auf 27 Spiele, aber nur 13-mal durfte er von Beginn an spielen. Ausgerechnet in Werders bester Phase, als die Bremer durch eine Serie im Fr\u00fchling vom Europapokal tr\u00e4umten, war K\u00f6hn nur noch Ersatz.<\/p>\n<p>Wie viel Schaden er mit seinen Offensivl\u00e4ufen \u00fcber die linke Seite beim Gegner anrichten kann, bekam sein neuer Verein kurz vor Weihnachten 2024 zu sp\u00fcren. <a href=\"https:\/\/www.rbb24.de\/sport\/beitrag\/2024\/12\/fussball-bundesliga-union-berlin-werder-bremen-audiostream-liveticker-spielbericht.html\" rel=\"nofollow noopener\" target=\"_blank\">Zu Werders 4:1-Sieg steuerte K\u00f6hn zwei Vorlagen bei<\/a>. Einige Tage sp\u00e4ter war Bo Svensson als Trainer der Eisernen Geschichte und wurde von Steffen Baumgart beerbt.<\/p>\n<p>\t\t\t\t\t<a name=\"articlesContList\/text_23829527\"\/><br \/>\n\t\t\t\t\tK\u00f6hn will offensive Akzente setzen<\/p>\n<p>Dass der nun nicht mehr so neue Trainer zum Bundesligaauftakt am Samstag mit K\u00f6hn planen kann, ist Teil seiner eigenen Entwicklung. Nach einigen gescheiterten Versuchen, mit einer Viererkette zu spielen, <a href=\"https:\/\/www.rbb24.de\/sport\/beitrag\/2025\/08\/fussball-bundesliga-union-berlin-vorbereitung-steffen-baumgart-setzt-auf-bewaehrtes.html\" rel=\"nofollow noopener\" target=\"_blank\">bekennt sich Baumgart mittlerweile voll zum System mit Schienenspielern auf der Au\u00dfenbahn<\/a>. Auch in der Konsequenz, dass Unions Transfer-Antwort auf den Ruf nach mehr Kreativit\u00e4t im Mittelfeld ein neuer Au\u00dfenverteidiger ist.<\/p>\n<p>Aber einer, der in erster Linie nach vorne denkt: &#8222;Ich bin sehr offensivfreudig, gehe gerne ins Dribbling, suche den Torabschluss oder den letzten Pass&#8220;, beschreibt K\u00f6hn sein Spiel.<\/p>\n<p>\t\t\t\t\t<a name=\"articlesContList\/teaserbox_1475988083\"\/><\/p>\n<p>\t\t\t\t\t<a name=\"articlesContList\/text\"\/><br \/>\n\t\t\t\t\tMit K\u00f6hns Hilfe vertikaleres Spiel<\/p>\n<p>Einige Statistiken geben ihm Recht. In Europa geh\u00f6rte K\u00f6hn in der Vorsaison zu den Au\u00dfenverteidigern, die die meisten P\u00e4sse in die Tiefe fanden. 8,18 waren es im Schnitt pro Spiel: Damit schlug K\u00f6hn 95 Prozent seiner Positionskollegen. Mit ihm wird Unions Spiel also deutlich vertikaler.<\/p>\n<p>Zumal der 26-J\u00e4hrige auch im Eins-gegen-Eins \u00fcberzeugt. K\u00f6hn gelingen \u00fcberdurchschnittlich viele Aktionen, die zu Torsch\u00fcssen f\u00fchren. Mit ihm k\u00f6nnten die h\u00e4ufig so harmlosen Unioner also torgef\u00e4hrlicher werden: &#8222;Mit seiner Flexibilit\u00e4t und seinem Drang nach vorne hat er viele M\u00f6glichkeiten auf der linken Seite&#8220;, hofft Horst Heldt.<\/p>\n<p>\t\t\t\t\t<a name=\"articlesContList\/text_1601549035\"\/><br \/>\n\t\t\t\t\tHeldt schraubt am Tempo<\/p>\n<p>F\u00fcr Heldt ist es nach <a href=\"https:\/\/www.rbb24.de\/sport\/beitrag\/2025\/05\/bundesliga-union-berlin-werder-bremen-oliver-burke-transfer.html\" rel=\"nofollow noopener\" target=\"_blank\">Oliver Burke<\/a> und <a href=\"https:\/\/www.rbb24.de\/sport\/beitrag\/2025\/07\/fussball-union-berlin-bundesliga-stanley-nsoki-hoffenheim-leihe.html\" rel=\"nofollow noopener\" target=\"_blank\">Stanley Nsoki<\/a> der n\u00e4chste Transfer eines der 50 schnellsten Bundesligaspieler der Vorsaison. Und auch <a href=\"https:\/\/www.rbb24.de\/sport\/beitrag\/2025\/06\/fussball-bundesliga-ilyas-ansah-zugang-ersatz-hollerbach.html\" rel=\"nofollow noopener\" target=\"_blank\">Ilyas Ansah<\/a> und Livan Burcu geh\u00f6rten im letzten Jahr zu den schnellsten Spielern der zweiten Liga. Offenbar wollen die Verantwortlichen <a href=\"https:\/\/www.rbb24.de\/sport\/vereine\/rbb-fc-union-berlin-fussball.html\" rel=\"nofollow noopener\" target=\"_blank\">Unions<\/a> Mannschaft athletischer aufstellen. Nicht umsonst lobte Heldt bei der Vorstellung au\u00dfer K\u00f6hns Bundesligaerfahrung dessen Tempo.<\/p>\n<p>\t\t\t\t\t<a name=\"articlesContList\/teaserbox_1744522356\"\/><\/p>\n<ul>\n<li data-datetime=\"1755286982000\" class=\"count1 doctypebeitrag first last layoutstandard manualteaser odd\">\n<a href=\"https:\/\/www.rbb24.de\/sport\/beitrag\/2025\/08\/fussball-dfb-pokal-guetersloh-union-berlin-liveticker-audiostream-spielbericht.html\" class=\"beitrag\" rel=\"nofollow noopener\" target=\"_blank\"><img decoding=\"async\" src=\"https:\/\/www.europesays.com\/de\/wp-content\/uploads\/2025\/08\/1755581292_582_size=320x180.jpg\" alt=\"Unions Leopold Querfeld jubelt \u00fcber sein Pokaltor in G\u00fctersloh (imago images\/Revierfoto)\" title=\"Unions Leopold Querfeld jubelt \u00fcber sein Pokaltor in G\u00fctersloh (imago images\/Revierfoto)\" id=\"articlesContList_teaserbox_1744522356_teaserList_manualteaser_1536285716\"\/><\/a><\/p>\n<p>imago images\/Revierfoto<\/p>\n<p><a href=\"https:\/\/www.rbb24.de\/sport\/beitrag\/2025\/08\/fussball-dfb-pokal-guetersloh-union-berlin-liveticker-audiostream-spielbericht.html\" class=\"beitrag\" rel=\"nofollow noopener\" target=\"_blank\"><\/p>\n<p>\t5<br \/>\n\t\tmin<\/p>\n<p><\/a><\/p>\n<p>\t\t<a href=\"https:\/\/www.rbb24.de\/sport\/beitrag\/2025\/08\/fussball-dfb-pokal-guetersloh-union-berlin-liveticker-audiostream-spielbericht.html\" class=\"beitrag\" rel=\"nofollow noopener\" target=\"_blank\">DFB-Pokal &#8211;<br \/>\n\t\t\tUnion besiegt Torflaute und G\u00fctersloh<\/p>\n<p>\t\t<\/a><\/p>\n<p>Der 1. FC Union Berlin hat die erste Runde im DFB-Pokal \u00fcberstanden. Beim Regionalligisten FC G\u00fctersloh zeigte sich die Mannschaft deutlich treffsicherer als in den vier torlosen Testspielen zuvor. Spielerisch jedoch bleibt reichlich Luft nach oben.<\/p>\n<\/li>\n<\/ul>\n<p>\t\t\t\t\t<a name=\"articlesContList\/text_1941922022\"\/><\/p>\n<p>Diese neue Qualit\u00e4t im Kader l\u00e4sst zwei R\u00fcckschl\u00fcsse auf die gew\u00fcnschte Spielweise zu. Weil Baumgarts Umschaltfu\u00dfball in Zeiten der Renaissance der Manndeckung im Profifu\u00dfball etwas weniger erfolgsversprechend ist, brauchen die Unioner Offensivspieler, die ihren Gegner mit ihrem Tempo im Eins-gegen-Eins-Duell einfach abh\u00e4ngen k\u00f6nnen. Und je schneller die eigenen Spieler sind, desto h\u00f6her kann eine Mannschaft pressen &#8211; sollte der Gegner das Pressing \u00fcberspielen, kann Union besser auf B\u00e4lle in die Tiefe reagieren, so zumindest der Plan.<\/p>\n<p>\t\t\t\t\t<a name=\"articlesContList\/text_317776224\"\/><br \/>\n\t\t\t\t\tAbwehr nimmt Formen an<\/p>\n<p>Dazu passt auch die neue Rolle von Tom Rothe: In der vergangenen Saison spielte er noch auf K\u00f6hns Position auf der linken Schiene. <a href=\"https:\/\/www.rbb24.de\/sport\/beitrag\/2025\/08\/union-berlin-espanyol-barcelona-testspiel-analyse.html\" rel=\"nofollow noopener\" target=\"_blank\">Jetzt ist er der halblinke Innenverteidiger in der Dreierkette und auf Anhieb der antrittst\u00e4rkste Spieler in der Reihe<\/a> \u2013 Leopold Querfeld und Danilho Doekhi, die sich w\u00e4hrend der Vorbereitung als seine Partner herauskristallisierten, profitieren davon, dass Rothe tiefe B\u00e4lle hinter die Kette ablaufen kann.<\/p>\n<p>\t\t\t\t\t<a name=\"articlesContList\/teaserbox_1399455841\"\/><\/p>\n<blockquote>\n<p class=\"manualteasershortteaser\">Wir trauen ihm zu, unserer Mannschaft auf Anhieb helfen zu k\u00f6nnen, und er passt auch charakterlich gut zu uns.<\/p>\n<\/blockquote>\n<p>Horst Heldt, Manager 1. FC Union Berlin<\/p>\n<p>\t\t\t\t\t<a name=\"articlesContList\/text_248626785\"\/><\/p>\n<p>Auch deshalb scheint der drohende Abgang seines Vorg\u00e4ngers Diogo Leite Trainer Steffen Baumgart kalt zu lassen. Der Portugiese war zwar im Spielaufbau einer der wichtigsten Spieler der Mannschaft, aber seine fehlende Geschwindigkeit gleichzeitig einer der Gr\u00fcnde, dass Union nie so hoch anlaufen konnte, wie es sich erst Svensson und dann Baumgart gew\u00fcnscht h\u00e4tten.<\/p>\n<p>\t\t\t\t\t<a name=\"articlesContList\/teaserbox_577964703\"\/><\/p>\n<p>\t\t\t\t\t<a name=\"articlesContList\/text_604802305\"\/><\/p>\n<p>Mit K\u00f6hn, Robert Skov und Nachwuchstalent Andrik Markgraf ist die linke Seite jetzt so gut besetzt, dass Rothe dauerhaft in der Innenverteidigung eingeplant werden kann. Der Leite-Ersatz ist also schon da.<\/p>\n<p>\t\t\t\t\t<a name=\"articlesContList\/text_1727350057\"\/><br \/>\n\t\t\t\t\tK\u00f6hn freut sich auf Union<\/p>\n<p>&#8222;Wir trauen ihm zu, unserer Mannschaft auf Anhieb helfen zu k\u00f6nnen, und er passt auch charakterlich gut zu uns&#8220;, erkl\u00e4rt Horst Heldt, der au\u00dferdem K\u00f6hn Flexibilit\u00e4t hervorhebt.&#8220; Und auch K\u00f6hn ist &#8222;\u00fcberzeugt&#8220;, dass seine Qualit\u00e4ten gut zur Spielweise der Mannschaft passen.<\/p>\n<p>Kein Wunder also, dass Union trotz Konkurrenz aus M\u00f6nchengladbach, K\u00f6ln und Bremen als erstes bereit war, Galatasarays Abl\u00f6seforderungen zu entsprechen. F\u00fcr K\u00f6hn bezahlen die Eisernen mindestens vier Millionen Euro, bei einem Weiterverkauf bekommen die Istanbuler 20 Prozent der neuen Transfersumme.<\/p>\n<p class=\"textblock\">Beitrag von Till Oppermann<\/p>\n<p><a class=\"ico ico_arrow_wide_up\" title=\"An den Anfang\" href=\"#top\">  <\/a><\/p>\n","protected":false},"excerpt":{"rendered":"Fu\u00dfball-Bundesliga &#8211; So soll Derrick K\u00f6hn Union Berlin helfen Mi 20.08.25 | 13:34 Uhr | Von Till Oppermann&hellip;\n","protected":false},"author":2,"featured_media":360174,"comment_status":"","ping_status":"","sticky":false,"template":"","format":"standard","meta":{"footnotes":""},"categories":[1825],"tags":[296,29,30],"class_list":{"0":"post-360173","1":"post","2":"type-post","3":"status-publish","4":"format-standard","5":"has-post-thumbnail","7":"category-berlin","8":"tag-berlin","9":"tag-deutschland","10":"tag-germany"},"share_on_mastodon":{"url":"https:\/\/pubeurope.com\/@de\/115063047335238228","error":""},"_links":{"self":[{"href":"https:\/\/www.europesays.com\/de\/wp-json\/wp\/v2\/posts\/360173","targetHints":{"allow":["GET"]}}],"collection":[{"href":"https:\/\/www.europesays.com\/de\/wp-json\/wp\/v2\/posts"}],"about":[{"href":"https:\/\/www.europesays.com\/de\/wp-json\/wp\/v2\/types\/post"}],"author":[{"embeddable":true,"href":"https:\/\/www.europesays.com\/de\/wp-json\/wp\/v2\/users\/2"}],"replies":[{"embeddable":true,"href":"https:\/\/www.europesays.com\/de\/wp-json\/wp\/v2\/comments?post=360173"}],"version-history":[{"count":0,"href":"https:\/\/www.europesays.com\/de\/wp-json\/wp\/v2\/posts\/360173\/revisions"}],"wp:featuredmedia":[{"embeddable":true,"href":"https:\/\/www.europesays.com\/de\/wp-json\/wp\/v2\/media\/360174"}],"wp:attachment":[{"href":"https:\/\/www.europesays.com\/de\/wp-json\/wp\/v2\/media?parent=360173"}],"wp:term":[{"taxonomy":"category","embeddable":true,"href":"https:\/\/www.europesays.com\/de\/wp-json\/wp\/v2\/categories?post=360173"},{"taxonomy":"post_tag","embeddable":true,"href":"https:\/\/www.europesays.com\/de\/wp-json\/wp\/v2\/tags?post=360173"}],"curies":[{"name":"wp","href":"https:\/\/api.w.org\/{rel}","templated":true}]}}