{"id":360639,"date":"2025-08-21T01:05:10","date_gmt":"2025-08-21T01:05:10","guid":{"rendered":"https:\/\/www.europesays.com\/de\/360639\/"},"modified":"2025-08-21T01:05:10","modified_gmt":"2025-08-21T01:05:10","slug":"washington-d-c-vance-und-hegseth-bei-truppenbesuch-von-demonstranten-ausgebuht","status":"publish","type":"post","link":"https:\/\/www.europesays.com\/de\/360639\/","title":{"rendered":"Washington, D. C.: Vance und Hegseth bei Truppenbesuch von Demonstranten ausgebuht"},"content":{"rendered":"<p class=\"paragraph article__item\">US-Vizepr\u00e4sident <a href=\"https:\/\/www.zeit.de\/thema\/james-david-vance\" class=\"\" target=\"_blank\" rel=\"noopener\">JD Vance<\/a> und<br \/>\nVerteidigungsminister <a class=\"rtr-entity\" href=\"https:\/\/www.zeit.de\/thema\/pete-hegseth\" target=\"_blank\" rel=\"noopener\">Pete Hegseth<\/a> haben begleitet von Protest die in Washington, D. C. stationierte Nationalgarde besucht.\u00a0Die beiden Republikaner und weitere Regierungsvertreter besuchten Soldaten am\u00a0Hauptbahnhof Union Station, die dort auf Wunsch von US-Pr\u00e4sident\u00a0<a href=\"https:\/\/www.zeit.de\/thema\/donald-trump\" class=\"\" target=\"_blank\" rel=\"noopener\">Donald Trump<\/a>\u00a0im Einsatz sind. Die Einsatzkr\u00e4fte h\u00e4tten binnen weniger Tage f\u00fcr einen deutlichen R\u00fcckgang der<br \/>\nKriminalit\u00e4t gesorgt, sagte Vance.<\/p>\n<p class=\"paragraph article__item\">Der Besuch sorgte f\u00fcr Protest an der Union Station. Demonstranten\u00a0riefen &#8222;Free DC&#8220; (Befreit <a class=\"rtr-entity\" href=\"https:\/\/www.zeit.de\/thema\/washington\" target=\"_blank\" rel=\"noopener\">Washington<\/a>) und buhten<br \/>\nlautstark.\u00a0Der Vizepr\u00e4sident machte sich<br \/>\n\u00fcber die Kundgebung lustig und sprach von einer &#8222;Gruppe verr\u00fcckter<br \/>\nDemonstranten&#8220;.\n<\/p>\n<p class=\"paragraph article__item\">Trump hat <a href=\"https:\/\/www.zeit.de\/politik\/ausland\/2025-08\/nationalgarde-us-hauptstadt-washington-aufstockung\" class=\"\" target=\"_blank\" rel=\"noopener\">in der Hauptstadt<br \/>\n 800 Soldaten der Nationalgarde stationiert<\/a>. Sie werden derzeit durch<br \/>\n1.200 weitere Kr\u00e4fte aus den Bundesstaaten Ohio, Louisiana, Mississippi,<br \/>\nSouth Carolina, Tennessee und West Virginia verst\u00e4rkt. Die Soldaten<br \/>\npatrouillieren unter anderem um das Wei\u00dfe Haus herum und auf der von<br \/>\nTouristen bev\u00f6lkerten Mall zwischen Kongress und Lincoln-Denkmal sowie<br \/>\nin Bahnh\u00f6fen und Metrostationen. <a href=\"https:\/\/www.zeit.de\/politik\/ausland\/2025-08\/usa-washington-donald-trump-polizei-klage\" class=\"\" target=\"_blank\" rel=\"noopener\">Trump hat zudem die<br \/>\n\u00f6rtliche Polizei der Kontrolle durch seine Regierung unterstellt<\/a>.\u00a0\n<\/p>\n<p>        Kriminalit\u00e4t laut B\u00fcrgermeisterin auf tiefstem Stand seit 30 Jahren        <\/p>\n<p class=\"paragraph article__item\">Trump begr\u00fcndet den Truppeneinsatz mit einem<br \/>\nangeblichen Sicherheitsnotstand in Washington, D. C. B\u00fcrgermeisterin Muriel Bowser betont dagegen, die Kriminalit\u00e4t<br \/>\nsei auf einem 30-Jahres-Tief. Statistiken der \u00f6rtlichen Polizei zeigen<br \/>\neinen deutlichen R\u00fcckgang von Gewaltverbrechen zwischen 2023 und 2024,<br \/>\nnach einem Anstieg w\u00e4hrend der Coronapandemie.\n<\/p>\n<p class=\"paragraph article__item\">In den vergangenen Tagen waren im Stadtbild von Washington zunehmend<br \/>\nSoldaten und andere Einsatzkr\u00e4fte von Bundesbeh\u00f6rden pr\u00e4sent.\u00a0Demonstrierende begegneten ihnen mit Transparenten und Sprechch\u00f6ren,<br \/>\nVideos in sozialen Netzwerken zeigen teils hitzige Szenen.\u00a0<\/p>\n<p class=\"paragraph article__item\">Es ist das erste Mal seit 60 Jahren, dass ein<br \/>\nUS-Pr\u00e4sident die Nationalgarde gegen den Willen der \u00f6rtlichen Beh\u00f6rden<br \/>\nentsendet. Im Juni hatte Trump bereits in Los Angeles die Nationalgarde<br \/>\nund Sondereinsatzkr\u00e4fte der Marines mobilisiert, um Proteste gegen seine<br \/>\n Einwanderungspolitik zu beenden.\n<\/p>\n<p>            Nationalgarde in Washington        <\/p>\n<p>Mehr zum Thema<\/p>\n<p>                <a href=\"https:\/\/www.zeit.de\/politik\/ausland\/2025-08\/nationalgarde-washington-d-c-militaer-festnahmen-donald-trump-gxe\" data-ct-label=\"Nationalgarde in Washington, D. C.: Eine ganze Stadt als Feind im Inneren\" target=\"_blank\" rel=\"noopener\"><\/p>\n<p>        Z+ (abopflichtiger Inhalt);<\/p>\n<p>    Nationalgarde in Washington, D. C.:<br \/>\n                        Eine ganze Stadt als Feind im Inneren<\/p>\n<p>                <\/a><\/p>\n<p>                <a href=\"https:\/\/www.zeit.de\/politik\/ausland\/2025-08\/donald-trump-nationalgarde-washington-alaska-ok-america\" data-ct-label=\"Donald Trump: Er nennt es &quot;Tag der Befreiung&quot;\" target=\"_blank\" rel=\"noopener\"><\/p>\n<p>                        Donald Trump:<br \/>\n                        Er nennt es &#8222;Tag der Befreiung&#8220;<\/p>\n<p>                <\/a><\/p>\n<p>                <a href=\"https:\/\/www.zeit.de\/politik\/ausland\/2025-08\/donald-trump-washington-dc-nationalgarde-kontrolle\" data-ct-label=\"Donald Trump: Mit Soldaten gegen Obdachlose\" target=\"_blank\" rel=\"noopener\"><\/p>\n<p>        Z+ (abopflichtiger Inhalt);<\/p>\n<p>    Donald Trump:<br \/>\n                        Mit Soldaten gegen Obdachlose<\/p>\n<p>                <\/a><\/p>\n","protected":false},"excerpt":{"rendered":"US-Vizepr\u00e4sident JD Vance und Verteidigungsminister Pete Hegseth haben begleitet von Protest die in Washington, D. C. stationierte Nationalgarde&hellip;\n","protected":false},"author":2,"featured_media":360640,"comment_status":"","ping_status":"","sticky":false,"template":"","format":"standard","meta":{"footnotes":""},"categories":[5],"tags":[6387,106,13,14,47757,15,649,16,21059,12,10,8,9,11,320],"class_list":{"0":"post-360639","1":"post","2":"type-post","3":"status-publish","4":"format-standard","5":"has-post-thumbnail","7":"category-nachrichten","8":"tag-d-c","9":"tag-donald-trump","10":"tag-headlines","11":"tag-nachrichten","12":"tag-nationalgarde","13":"tag-news","14":"tag-pete-hegseth","15":"tag-politik","16":"tag-republikaner-usa","17":"tag-schlagzeilen","18":"tag-top-news","19":"tag-top-meldungen","20":"tag-topmeldungen","21":"tag-topnews","22":"tag-washington"},"share_on_mastodon":{"url":"https:\/\/pubeurope.com\/@de\/115064073314967464","error":""},"_links":{"self":[{"href":"https:\/\/www.europesays.com\/de\/wp-json\/wp\/v2\/posts\/360639","targetHints":{"allow":["GET"]}}],"collection":[{"href":"https:\/\/www.europesays.com\/de\/wp-json\/wp\/v2\/posts"}],"about":[{"href":"https:\/\/www.europesays.com\/de\/wp-json\/wp\/v2\/types\/post"}],"author":[{"embeddable":true,"href":"https:\/\/www.europesays.com\/de\/wp-json\/wp\/v2\/users\/2"}],"replies":[{"embeddable":true,"href":"https:\/\/www.europesays.com\/de\/wp-json\/wp\/v2\/comments?post=360639"}],"version-history":[{"count":0,"href":"https:\/\/www.europesays.com\/de\/wp-json\/wp\/v2\/posts\/360639\/revisions"}],"wp:featuredmedia":[{"embeddable":true,"href":"https:\/\/www.europesays.com\/de\/wp-json\/wp\/v2\/media\/360640"}],"wp:attachment":[{"href":"https:\/\/www.europesays.com\/de\/wp-json\/wp\/v2\/media?parent=360639"}],"wp:term":[{"taxonomy":"category","embeddable":true,"href":"https:\/\/www.europesays.com\/de\/wp-json\/wp\/v2\/categories?post=360639"},{"taxonomy":"post_tag","embeddable":true,"href":"https:\/\/www.europesays.com\/de\/wp-json\/wp\/v2\/tags?post=360639"}],"curies":[{"name":"wp","href":"https:\/\/api.w.org\/{rel}","templated":true}]}}