{"id":360931,"date":"2025-08-21T03:47:29","date_gmt":"2025-08-21T03:47:29","guid":{"rendered":"https:\/\/www.europesays.com\/de\/360931\/"},"modified":"2025-08-21T03:47:29","modified_gmt":"2025-08-21T03:47:29","slug":"auslaufende-vertraege-14-profis-von-fc-bayern-bvb-bald-abloesefrei","status":"publish","type":"post","link":"https:\/\/www.europesays.com\/de\/360931\/","title":{"rendered":"Auslaufende Vertr\u00e4ge: 14 Profis von FC Bayern &#038; BVB bald abl\u00f6sefrei"},"content":{"rendered":"<p>9x \u00fcber 10 Millionen Marktwert\u00a0<\/p>\n<p>                                    <img decoding=\"async\" src=\"https:\/\/www.europesays.com\/de\/wp-content\/uploads\/2025\/08\/dayot-upamecano-julian-brandt-fc-bayern-bvb-2023-1755699941-175339.jpg\" title=\"Auslaufende Vertr\u00e4ge: 14 Profis von FC Bayern &amp; BVB bald abl\u00f6sefrei\" alt=\"Auslaufende Vertr\u00e4ge: 14 Profis von FC Bayern &amp; BVB bald abl\u00f6sefrei\"\/><\/p>\n<p>\n                                       \u00a9IMAGO\n                                    <\/p>\n<p>\u201eIch w\u00fcrde sehr daf\u00fcr pl\u00e4dieren, den Kader noch aufzuf\u00fcllen mit einem Leihspieler, der bis zum 30. Juni 2026 unter Vertrag genommen wird\u201c, sagte <a title=\"FC Bayern M\u00fcnchen\" href=\"https:\/\/www.transfermarkt.de\/fc-bayern-m-nchen\/startseite\/verein\/27\" target=\"_blank\" rel=\"nofollow noopener\">FC Bayerns<\/a> Aufsichtsratsmitglied <a title=\"Uli Hoene\u00df\" href=\"https:\/\/www.transfermarkt.de\/uli-hoene-\/profil\/trainer\/5249\" target=\"_blank\" rel=\"nofollow noopener\">Uli Hoene\u00df<\/a> der \u201eS\u00fcddeutschen Zeitung\u201c zu den Pl\u00e4nen der M\u00fcnchner bis zum Deadline Day am 1. September. Der Umbruch ist f\u00fcr den kommenden Sommer geplant, <a href=\"https:\/\/www.transfermarkt.de\/fc-bayern-munchen\/vertragsende\/verein\/27\" target=\"_blank\" rel=\"nofollow noopener\">wenn die Vertr\u00e4ge von sieben Profis auslaufen<\/a>. Mit <a title=\"Dayot Upamecano\" href=\"https:\/\/www.transfermarkt.de\/dayot-upamecano\/profil\/spieler\/344695\" target=\"_blank\" rel=\"nofollow noopener\">Dayot Upamecano<\/a>, <a title=\"Leon Goretzka\" href=\"https:\/\/www.transfermarkt.de\/leon-goretzka\/profil\/spieler\/153084\" target=\"_blank\" rel=\"nofollow noopener\">Leon Goretzka<\/a> und <a title=\"Serge Gnabry\" href=\"https:\/\/www.transfermarkt.de\/serge-gnabry\/profil\/spieler\/159471\" target=\"_blank\" rel=\"nofollow noopener\">Serge Gnabry<\/a> kommen drei der vier <a href=\"https:\/\/www.transfermarkt.de\/bundesliga\/endendevertraege\/wettbewerb\/L1\" target=\"_blank\" rel=\"nofollow noopener\">wertvollsten Bundesliga-Spieler mit auslaufendem Kontrakt<\/a> vom deutschen Rekordmeister.<\/p>\n<p><\/p>\n<p>Upamecano f\u00fchrt das Ranking mit einem Marktwert von 50 Millionen Euro mit gro\u00dfem Vorsprung an und wird <a href=\"https:\/\/www.transfermarkt.de\/statistik\/endendevertraege\" target=\"_blank\" rel=\"nofollow noopener\">im internationalen Vergleich<\/a> nur von <a title=\"Ibrahima Konat\u00e9\" href=\"https:\/\/www.transfermarkt.de\/ibrahima-konate\/profil\/spieler\/357119\" rel=\"nofollow noopener\" target=\"_blank\">Ibrahima Konat\u00e9<\/a> \u00fcberboten. Goretzka und Gnabry werden jeweils mit 22 Mio. Euro bewertet \u2013 gut m\u00f6glich, dass das Trio im Wert von fast 100 Mio. Euro 2026\/27 nicht mehr f\u00fcr die Bayern aufl\u00e4uft. Goretzka hatte in der Vergangenheit immer wieder zu den Verkaufskandidaten geh\u00f6rt, betonte aber stets, seinen Vertrag erf\u00fcllen zu wollen. Auch Gnabry h\u00e4tte man wohl ziehen lassen, wenn ein gutes Angebot eingetroffen w\u00e4re. Mit Geh\u00e4ltern von kolportierten 17 Mio. bzw. 19 Mio. Euro geh\u00f6ren beide zu den Gro\u00dfverdienern beim FCB.<\/p>\n<p><\/p>\n<p>Auch Upamecano war nicht immer unumstritten, stabilisierte sich aber im letzten Jahr. Im M\u00e4rz schien eine Verl\u00e4ngerung Formsache, ehe die Beraterseite mitbekam, welche Summen f\u00fcr die neuen Vertr\u00e4ge von <a title=\"Joshua Kimmich\" href=\"https:\/\/www.transfermarkt.de\/joshua-kimmich\/profil\/spieler\/161056\" target=\"_blank\" rel=\"nofollow noopener\">Joshua Kimmich<\/a>, <a title=\"Jamal Musiala\" href=\"https:\/\/www.transfermarkt.de\/jamal-musiala\/profil\/spieler\/580195\" target=\"_blank\" rel=\"nofollow noopener\">Jamal Musiala<\/a> und <a title=\"Alphonso Davies\" href=\"https:\/\/www.transfermarkt.de\/alphonso-davies\/profil\/spieler\/424204\" target=\"_blank\" rel=\"nofollow noopener\">Alphonso Davies<\/a> in die Hand genommen wurden. Seitdem stocken die Verhandlungen und es tauchen immer mal wieder Ger\u00fcchte um den Franzosen auf, der betont, sich bei den M\u00fcnchnern wohlzuf\u00fchlen. Einen abl\u00f6sefreien Abgang Upamecanos und damit ein Szenario wie bei <a title=\"David Alaba\" href=\"https:\/\/www.transfermarkt.de\/david-alaba\/profil\/spieler\/59016\" target=\"_blank\" rel=\"nofollow noopener\">David Alaba<\/a> d\u00fcrften die Bayern in jedem Fall verhindern wollen \u2013 der \u00d6sterreicher wechselte 2021 mit einem Marktwert von 55 Mio. Euro zum Nulltarif zu Real Madrid. <\/p>\n<p><\/p>\n<p>Auch bei <a title=\"Borussia Dortmund\" href=\"https:\/\/www.transfermarkt.de\/borussia-dortmund\/startseite\/verein\/16\" target=\"_blank\" rel=\"nofollow noopener\">Borussia Dortmund<\/a> k\u00f6nnte es im n\u00e4chsten Jahr zu einem gr\u00f6\u00dferen Umbruch kommen. <a href=\"https:\/\/www.transfermarkt.de\/borussia-dortmund\/vertragsende\/verein\/16\" target=\"_blank\" rel=\"nofollow noopener\">Wie beim FC Bayern enden beim BVB die Vertr\u00e4ge von sieben Profis<\/a>. Wertvollster aus dieser Riege ist <a title=\"Julian Brandt\" href=\"https:\/\/www.transfermarkt.de\/julian-brandt\/profil\/spieler\/187492\" target=\"_blank\" rel=\"nofollow noopener\">Julian Brandt<\/a> mit 25 Mio. Euro. Dazu z\u00e4hlen au\u00dferdem die aktuell verletzten <a title=\"Niklas S\u00fcle\" href=\"https:\/\/www.transfermarkt.de\/niklas-s-le\/profil\/spieler\/166601\" target=\"_blank\" rel=\"nofollow noopener\">Niklas S\u00fcle<\/a> (8 Mio.) und <a title=\"Emre Can\" href=\"https:\/\/www.transfermarkt.de\/emre-can\/profil\/spieler\/119296\" target=\"_blank\" rel=\"nofollow noopener\">Emre Can<\/a> (7 Mio.). Sportchef <a title=\"Lars Ricken\" href=\"https:\/\/www.transfermarkt.de\/lars-ricken\/profil\/trainer\/6983\" target=\"_blank\" rel=\"nofollow noopener\">Lars Ricken<\/a> erkl\u00e4rte vor einigen Wochen im Interview mit dem \u201eKicker\u201c, dass er einen abl\u00f6sefreien Abgang des Trios in Kauf nehmen w\u00fcrde. \u201eWir werden in dieser Konstellation jetzt erst einmal in die Saison gehen und uns die Entwicklung anschauen. Dann sehen wir im Laufe der Spielzeit, wie die weitere Zukunft aussehen kann.\u201c<\/p>\n<p>Bundesliga-Spieler mit Vertragsende 2026: 12 Profis haben achtstelligen Marktwert<\/p>\n<p>Insgesamt gibt es zw\u00f6lf Profis im deutschen Fu\u00dfball-Oberhaus, die einen achtstelligen Marktwert haben und deren Vertr\u00e4ge enden. Darunter befinden sich auch zwei <a title=\"1.FC Union Berlin\" href=\"https:\/\/www.transfermarkt.de\/1fc-union-berlin\/startseite\/verein\/89\" target=\"_blank\" rel=\"nofollow noopener\">Unioner<\/a>, zwei <a title=\"RB Leipzig\" href=\"https:\/\/www.transfermarkt.de\/rb-leipzig\/startseite\/verein\/23826\" target=\"_blank\" rel=\"nofollow noopener\">Leipziger<\/a> und zwei <a title=\"1.FSV Mainz 05\" href=\"https:\/\/www.transfermarkt.de\/1fsv-mainz-05\/startseite\/verein\/39\" target=\"_blank\" rel=\"nofollow noopener\">Mainzer<\/a>. Einige davon k\u00f6nnten ihren Verein noch in diesem Sommer verlassen \u2013 vor allem um <a title=\"Nelson Weiper\" href=\"https:\/\/www.transfermarkt.de\/nelson-weiper\/profil\/spieler\/796213\" target=\"_blank\" rel=\"nofollow noopener\">Nelson Weiper<\/a> ranken sich derzeit viele Ger\u00fcchte. Weil der U21-Nationalspieler offenbar bei den Nullf\u00fcnfern nicht verl\u00e4ngern will, steht er auf dem Abstellgleis. Die Fronten sollen so verh\u00e4rtet sein, dass ein Wechsel ein realistisches Szenario ist. Mainz sondiere bereits den Markt nach potenziellen Nachfolgern. <\/p>\n<p><\/p>\n<p>Auch bei Union Berlin k\u00f6nnte sich in den kommenden Tagen noch etwas tun. <a title=\"Diogo Leite\" href=\"https:\/\/www.transfermarkt.de\/diogo-leite\/profil\/spieler\/357156\" rel=\"nofollow noopener\" target=\"_blank\">Diogo Leite<\/a> und <a title=\"Danilho Doekhi\" href=\"https:\/\/www.transfermarkt.de\/danilho-doekhi\/profil\/spieler\/387047\" target=\"_blank\" rel=\"nofollow noopener\">Danilho Doekhi<\/a> gelten als Abgangskandidaten. Mit Marktwerten von 17 Mio. bzw. 13 Mio. Euro sind sie die am h\u00f6chsten bewerteten Profis bei den K\u00f6penickern. Sollten beide nicht verl\u00e4ngern, w\u00e4re sp\u00e4testens im Winter die letzte Chance, eine Abl\u00f6se mit ihnen zu generieren.<\/p>\n<p><\/p>\n<p>Leipzig verlassen k\u00f6nnte noch <a title=\"Amadou Haidara\" href=\"https:\/\/www.transfermarkt.de\/amadou-haidara\/profil\/spieler\/402008\" target=\"_blank\" rel=\"nofollow noopener\">Amadou Haidara<\/a>, der zuletzt beim Paris FC gehandelt wurde. Angebote gebe es bislang aber keine. Au\u00dferdem wird weiterhin ein Abnehmer f\u00fcr Top-Verdiener <a title=\"Timo Werner\" href=\"https:\/\/www.transfermarkt.de\/timo-werner\/profil\/spieler\/170527\" target=\"_blank\" rel=\"nofollow noopener\">Timo Werner<\/a> gesucht. Schwesterklub New York Red Bulls gilt als interessiert, aber sein Gehalt von rund 10 Mio. Euro ist f\u00fcr den MLS-Verein nicht stemmbar und Werner scheint nicht zu gro\u00dfen finanziellen Abstrichen bereit.<\/p>\n<p>\n    <a class=\"bbcodesLink\" href=\"https:\/\/www.transfermarkt.de\/wechselt-timo-werner-zu-new-york-red-bulls-\/thread\/forum\/154\/thread_id\/1078510\" rel=\"nofollow noopener\" target=\"_blank\"><\/p>\n<tr>\n<p>                        Ger\u00fccht<\/p>\n<\/tr>\n<tr class=\"contentzeile\">\n<td class=\"spielerbild\" rowspan=\"2\">\n                        <img decoding=\"async\" src=\"https:\/\/www.europesays.com\/de\/wp-content\/uploads\/2025\/08\/170527-1663686137.jpg\" title=\"Timo Werner\" alt=\"Timo Werner\" class=\"\"\/>                    <\/td>\n<td class=\"spielername\">\n                        <a title=\"Timo Werner\" href=\"https:\/\/www.transfermarkt.de\/timo-werner\/profil\/spieler\/170527\" rel=\"nofollow noopener\" target=\"_blank\">T. Werner<\/a>                    <\/td>\n<td class=\"vereinswappen\" rowspan=\"2\">\n                        <img decoding=\"async\" src=\"https:\/\/www.europesays.com\/de\/wp-content\/uploads\/2025\/04\/23826.png\" title=\"RB Leipzig\" alt=\"RB Leipzig\" class=\"\"\/>                    <\/td>\n<td class=\"c2action\" rowspan=\"2\"><\/td>\n<\/tr>\n<tr class=\"contentzeile\">\n<td class=\"position\">\n                        Linksau\u00dfen                    <\/td>\n<\/tr>\n<tr class=\"contentZeileSpielerGK\">\n<td colspan=\"4\">\n<tr>\n<td class=\"vereinsname\">\n                                    RB Leipzig                                <\/td>\n<td class=\"vereinswappen\" rowspan=\"2\">\n                                    <img decoding=\"async\" src=\"https:\/\/www.europesays.com\/de\/wp-content\/uploads\/2025\/04\/23826.png\" title=\"RB Leipzig\" alt=\"RB Leipzig\" class=\"\"\/>                                <\/td>\n<td class=\"wahrscheinlichkeit-ab\" rowspan=\"2\">\n<p>\u00a0<\/p>\n<p>                                        47                                        %\n                                                                        <\/td>\n<td class=\"vereinswappen\" rowspan=\"2\">\n                                    <img decoding=\"async\" src=\"https:\/\/www.europesays.com\/de\/wp-content\/uploads\/2025\/08\/623.png\" title=\"New York Red Bulls\" alt=\"New York Red Bulls\" class=\"\"\/>                                <\/td>\n<td class=\"vereinsname\">\n                                    RB New York                                <\/td>\n<\/tr>\n<tr>\n<td>\n                                    Bundesliga                                <\/td>\n<td>\n                                    Major League Soccer                                <\/td>\n<\/tr>\n<\/td>\n<\/tr>\n<p>    <\/a>\n<\/p>\n<p>Am meisten Arbeit steht derweil bei den Bossen von Aufsteiger <a title=\"1.FC K\u00f6ln\" href=\"https:\/\/www.transfermarkt.de\/1fc-k-ln\/startseite\/verein\/3\" target=\"_blank\" rel=\"nofollow noopener\">1. FC K\u00f6ln<\/a> im Verlauf der Saison an, bei dem die Arbeitspapiere von zw\u00f6lf Spielern 2026 enden \u2013 <a href=\"https:\/\/www.transfermarkt.de\/bundesliga\/endendevertraegeliste\/wettbewerb\/L1\/plus\/?jahr=2026\" target=\"_blank\" rel=\"nofollow noopener\">kein anderer Verein aus der Bundesliga \u00fcberbietet diese Anzahl<\/a>. Wertvollster aus dieser Reihe ist <a title=\"Eric Martel\" href=\"https:\/\/www.transfermarkt.de\/eric-martel\/profil\/spieler\/597000\" rel=\"nofollow noopener\" target=\"_blank\">Eric Martel<\/a> mit 6 Mio. Euro. Auch bei Bundesliga-R\u00fcckkehrer <a title=\"Hamburger SV\" href=\"https:\/\/www.transfermarkt.de\/hamburger-sv\/startseite\/verein\/41\" target=\"_blank\" rel=\"nofollow noopener\">Hamburger SV<\/a> <a href=\"https:\/\/www.transfermarkt.de\/jumplist\/vertragsende\/verein\/41\/vertragsendeJahr\/2026\" target=\"_blank\" rel=\"nofollow noopener\">sind es nur ein paar weniger mit neun<\/a>. In K\u00fcrze wird ein Spieler davon gestrichen, wenn Ex-Kapit\u00e4n <a title=\"Sebastian Schonlau\" href=\"https:\/\/www.transfermarkt.de\/sebastian-schonlau\/profil\/spieler\/213751\" target=\"_blank\" rel=\"nofollow noopener\">Sebastian Schonlau<\/a> zu <a title=\"Thomas M\u00fcller\" href=\"https:\/\/www.transfermarkt.de\/thomas-m-ller\/profil\/spieler\/58358\" target=\"_blank\" rel=\"nofollow noopener\">Thomas M\u00fcller<\/a> und den Vancouver Whitecaps wechselt. <\/p>\n<p><\/p>\n","protected":false},"excerpt":{"rendered":"9x \u00fcber 10 Millionen Marktwert\u00a0 \u00a9IMAGO \u201eIch w\u00fcrde sehr daf\u00fcr pl\u00e4dieren, den Kader noch aufzuf\u00fcllen mit einem Leihspieler,&hellip;\n","protected":false},"author":2,"featured_media":360932,"comment_status":"","ping_status":"","sticky":false,"template":"","format":"standard","meta":{"footnotes":"","_share_on_mastodon":"0"},"categories":[5],"tags":[623,297,5854,95565,888,299,96303,13151,29645,13016,458,3150,13,17811,18793,14,66786,15,24087,1655,12,17141,13635,10,8,9,11,2915,931],"class_list":["post-360931","post","type-post","status-publish","format-standard","has-post-thumbnail","category-nachrichten","tag-1-fc-koeln","tag-1-fc-union-berlin","tag-1-fsv-mainz-05","tag-amadou-haidara","tag-borussia-dortmund","tag-bundesliga","tag-danilho-doekhi","tag-dayot-upamecano","tag-diogo-leite","tag-emre-can","tag-fc-bayern-muenchen","tag-hamburger-sv","tag-headlines","tag-julian-brandt","tag-leon-goretzka","tag-nachrichten","tag-nelson-weiper","tag-news","tag-niklas-suele","tag-rb-leipzig","tag-schlagzeilen","tag-serge-gnabry","tag-timo-werner","tag-top-news","tag-top-meldungen","tag-topmeldungen","tag-topnews","tag-vfb-stuttgart","tag-vfl-wolfsburg"],"share_on_mastodon":{"url":"https:\/\/pubeurope.com\/@de\/115064710580674514","error":""},"_links":{"self":[{"href":"https:\/\/www.europesays.com\/de\/wp-json\/wp\/v2\/posts\/360931","targetHints":{"allow":["GET"]}}],"collection":[{"href":"https:\/\/www.europesays.com\/de\/wp-json\/wp\/v2\/posts"}],"about":[{"href":"https:\/\/www.europesays.com\/de\/wp-json\/wp\/v2\/types\/post"}],"author":[{"embeddable":true,"href":"https:\/\/www.europesays.com\/de\/wp-json\/wp\/v2\/users\/2"}],"replies":[{"embeddable":true,"href":"https:\/\/www.europesays.com\/de\/wp-json\/wp\/v2\/comments?post=360931"}],"version-history":[{"count":0,"href":"https:\/\/www.europesays.com\/de\/wp-json\/wp\/v2\/posts\/360931\/revisions"}],"wp:featuredmedia":[{"embeddable":true,"href":"https:\/\/www.europesays.com\/de\/wp-json\/wp\/v2\/media\/360932"}],"wp:attachment":[{"href":"https:\/\/www.europesays.com\/de\/wp-json\/wp\/v2\/media?parent=360931"}],"wp:term":[{"taxonomy":"category","embeddable":true,"href":"https:\/\/www.europesays.com\/de\/wp-json\/wp\/v2\/categories?post=360931"},{"taxonomy":"post_tag","embeddable":true,"href":"https:\/\/www.europesays.com\/de\/wp-json\/wp\/v2\/tags?post=360931"}],"curies":[{"name":"wp","href":"https:\/\/api.w.org\/{rel}","templated":true}]}}