{"id":361103,"date":"2025-08-21T05:26:22","date_gmt":"2025-08-21T05:26:22","guid":{"rendered":"https:\/\/www.europesays.com\/de\/361103\/"},"modified":"2025-08-21T05:26:22","modified_gmt":"2025-08-21T05:26:22","slug":"so-ist-der-stand-beim-grossprojekt-an-der-kluse","status":"publish","type":"post","link":"https:\/\/www.europesays.com\/de\/361103\/","title":{"rendered":"So ist der Stand beim Gro\u00dfprojekt an der Kluse"},"content":{"rendered":"<p class=\"text_ohne_einzug richtext text-em-55 !leading-serif mx-6 desktop:mx-0\">Tiefste Heimatgef\u00fchle weckt das Schauspielhaus bei ihm. Pr\u00e4gende Kindheits- und Jugenderfahrungen. Erinnerungen an Auff\u00fchrungen des Tanztheaters Pina Bausch, des damals noch gro\u00dfen Schauspielensembles, an wunderbare Weihnachtsst\u00fccke. Das alles \u201ein einer besonderen Architektur mit Garten, Foyer und G\u00e4ngen. Das war partizipativ, demokratisch und der Zeit voraus.\u201c Helge Lindh, Wuppertaler Bundestagsabgeordneter f\u00fcr die SPD mit kulturellem Arbeitsschwerpunkt und Vorsitzender des F\u00f6rdervereins Pina Bausch Zentrum hat wie viele Mitb\u00fcrger eine enge, durchaus emotionale Bindung an den ber\u00fchmten Graubnerbau an der Kluse.<\/p>\n","protected":false},"excerpt":{"rendered":"Tiefste Heimatgef\u00fchle weckt das Schauspielhaus bei ihm. Pr\u00e4gende Kindheits- und Jugenderfahrungen. Erinnerungen an Auff\u00fchrungen des Tanztheaters Pina Bausch,&hellip;\n","protected":false},"author":2,"featured_media":361104,"comment_status":"","ping_status":"","sticky":false,"template":"","format":"standard","meta":{"footnotes":""},"categories":[1840],"tags":[2250,69795,14142,3364,29,30,99408,3742,99407,2190,1209,8816,14141,99409,39469,4418,13885],"class_list":{"0":"post-361103","1":"post","2":"type-post","3":"status-publish","4":"format-standard","5":"has-post-thumbnail","7":"category-wuppertal","8":"tag-architektur","9":"tag-architekturbueros","10":"tag-bausch","11":"tag-de","12":"tag-deutschland","13":"tag-germany","14":"tag-helge","15":"tag-kandidaten","16":"tag-lindh","17":"tag-neubau","18":"tag-nordrhein-westfalen","19":"tag-ort","20":"tag-pina","21":"tag-tanzzentrum","22":"tag-vision","23":"tag-wuppertal","24":"tag-zentrum"},"share_on_mastodon":{"url":"https:\/\/pubeurope.com\/@de\/115065099698735507","error":""},"_links":{"self":[{"href":"https:\/\/www.europesays.com\/de\/wp-json\/wp\/v2\/posts\/361103","targetHints":{"allow":["GET"]}}],"collection":[{"href":"https:\/\/www.europesays.com\/de\/wp-json\/wp\/v2\/posts"}],"about":[{"href":"https:\/\/www.europesays.com\/de\/wp-json\/wp\/v2\/types\/post"}],"author":[{"embeddable":true,"href":"https:\/\/www.europesays.com\/de\/wp-json\/wp\/v2\/users\/2"}],"replies":[{"embeddable":true,"href":"https:\/\/www.europesays.com\/de\/wp-json\/wp\/v2\/comments?post=361103"}],"version-history":[{"count":0,"href":"https:\/\/www.europesays.com\/de\/wp-json\/wp\/v2\/posts\/361103\/revisions"}],"wp:featuredmedia":[{"embeddable":true,"href":"https:\/\/www.europesays.com\/de\/wp-json\/wp\/v2\/media\/361104"}],"wp:attachment":[{"href":"https:\/\/www.europesays.com\/de\/wp-json\/wp\/v2\/media?parent=361103"}],"wp:term":[{"taxonomy":"category","embeddable":true,"href":"https:\/\/www.europesays.com\/de\/wp-json\/wp\/v2\/categories?post=361103"},{"taxonomy":"post_tag","embeddable":true,"href":"https:\/\/www.europesays.com\/de\/wp-json\/wp\/v2\/tags?post=361103"}],"curies":[{"name":"wp","href":"https:\/\/api.w.org\/{rel}","templated":true}]}}