{"id":361117,"date":"2025-08-21T05:33:10","date_gmt":"2025-08-21T05:33:10","guid":{"rendered":"https:\/\/www.europesays.com\/de\/361117\/"},"modified":"2025-08-21T05:33:10","modified_gmt":"2025-08-21T05:33:10","slug":"eine-deutsch-franzoesische-freundschaft-seit-schultagen","status":"publish","type":"post","link":"https:\/\/www.europesays.com\/de\/361117\/","title":{"rendered":"Eine deutsch-franz\u00f6sische Freundschaft seit Schultagen"},"content":{"rendered":"<p class=\"mb-6 text-xs md:text-m lg:text-l font-serif group-[.font-sans]:font-sans \">\n    Als sie eintreten, sprechen der ehemalige franz\u00f6sische Handelsrat Dominique Simon und Wilhelm Schmid noch Franz\u00f6sisch miteinander. Dann setzten sie sich an einen gro\u00dfen Tisch im Trauzimmer des Illertisser Rathauses und wechseln ins Deutsche. Im Gespr\u00e4ch, bei dem auch B\u00fcrgermeister J\u00fcrgen Eisen und die Zweite B\u00fcrgermeisterin Helga Sonntag dabei sind, erz\u00e4hlen sie mitunter von ihrer Freundschaft: Dar\u00fcber, wie sie zustande kam und wie sie diese seit 58 Jahren aufrechterhalten. All die Jahre \u00fcber lebte Simon n\u00e4mlich wegen seines Berufs in einem Dutzend verschiedener L\u00e4nder.\n  <\/p>\n<ul data-module-id=\"DragDropModule\" class=\"flex flex-wrap justify-start group-[.no-bookmarks]:hidden\">\n<li class=\"mb-3 mr-3\">\n    Dominik Thoma<\/p>\n<p>      Icon Haken im Kreis gesetzt<\/p>\n<p>      Icon Plus im Kreis<\/p>\n<\/li>\n<li class=\"mb-3 mr-3\">\n    89257 Illertissen<\/p>\n<p>      Icon Haken im Kreis gesetzt<\/p>\n<p>      Icon Plus im Kreis<\/p>\n<\/li>\n<li class=\"mb-3 mr-3\">\n    Wilhelm Schmid<\/p>\n<p>      Icon Haken im Kreis gesetzt<\/p>\n<p>      Icon Plus im Kreis<\/p>\n<\/li>\n<\/ul>\n","protected":false},"excerpt":{"rendered":"Als sie eintreten, sprechen der ehemalige franz\u00f6sische Handelsrat Dominique Simon und Wilhelm Schmid noch Franz\u00f6sisch miteinander. Dann setzten&hellip;\n","protected":false},"author":2,"featured_media":361118,"comment_status":"","ping_status":"","sticky":false,"template":"","format":"standard","meta":{"footnotes":""},"categories":[3974],"tags":[331,332,548,663,3934,3980,156,13,14,15,12],"class_list":{"0":"post-361117","1":"post","2":"type-post","3":"status-publish","4":"format-standard","5":"has-post-thumbnail","7":"category-frankreich","8":"tag-aktuelle-nachrichten","9":"tag-aktuelle-news","10":"tag-eu","11":"tag-europa","12":"tag-europe","13":"tag-france","14":"tag-frankreich","15":"tag-headlines","16":"tag-nachrichten","17":"tag-news","18":"tag-schlagzeilen"},"share_on_mastodon":{"url":"https:\/\/pubeurope.com\/@de\/115065127240969653","error":""},"_links":{"self":[{"href":"https:\/\/www.europesays.com\/de\/wp-json\/wp\/v2\/posts\/361117","targetHints":{"allow":["GET"]}}],"collection":[{"href":"https:\/\/www.europesays.com\/de\/wp-json\/wp\/v2\/posts"}],"about":[{"href":"https:\/\/www.europesays.com\/de\/wp-json\/wp\/v2\/types\/post"}],"author":[{"embeddable":true,"href":"https:\/\/www.europesays.com\/de\/wp-json\/wp\/v2\/users\/2"}],"replies":[{"embeddable":true,"href":"https:\/\/www.europesays.com\/de\/wp-json\/wp\/v2\/comments?post=361117"}],"version-history":[{"count":0,"href":"https:\/\/www.europesays.com\/de\/wp-json\/wp\/v2\/posts\/361117\/revisions"}],"wp:featuredmedia":[{"embeddable":true,"href":"https:\/\/www.europesays.com\/de\/wp-json\/wp\/v2\/media\/361118"}],"wp:attachment":[{"href":"https:\/\/www.europesays.com\/de\/wp-json\/wp\/v2\/media?parent=361117"}],"wp:term":[{"taxonomy":"category","embeddable":true,"href":"https:\/\/www.europesays.com\/de\/wp-json\/wp\/v2\/categories?post=361117"},{"taxonomy":"post_tag","embeddable":true,"href":"https:\/\/www.europesays.com\/de\/wp-json\/wp\/v2\/tags?post=361117"}],"curies":[{"name":"wp","href":"https:\/\/api.w.org\/{rel}","templated":true}]}}