{"id":361134,"date":"2025-08-21T05:42:18","date_gmt":"2025-08-21T05:42:18","guid":{"rendered":"https:\/\/www.europesays.com\/de\/361134\/"},"modified":"2025-08-21T05:42:18","modified_gmt":"2025-08-21T05:42:18","slug":"msv-duisburg-leihgabe-trifft-fuer-den-fc-schalke-lotte-verliert-klar","status":"publish","type":"post","link":"https:\/\/www.europesays.com\/de\/361134\/","title":{"rendered":"MSV-Duisburg-Leihgabe trifft f\u00fcr den FC Schalke: Lotte verliert klar"},"content":{"rendered":"\n<p>Mit einem derart klaren Ergebnis war nicht unbedingt zu rechnen, schlie\u00dflich hatten die Schalker einen schwierigen Auftakt in die Saison und Lotte stellte sich im Sommer eigentlich gut auf, um wieder um die vorderen Pl\u00e4tze zu spielen. Doch nach wenigen Minuten traf schon Ing-yom Jung f\u00fcr S04 (7.) &#8211; und wie! Der Zugang setzte den Ball von der Strafraumlinie in den Winkel. Die Sch\u00fctzlinge von Jakob Fimpel blieben dran und erh\u00f6hten durch einen Kopfball-Treffer von Yassin Ben Balla unmittelbar vor dem Seitenwechsel (44.).<\/p>\n<p> Keine Gegenwehr mehr von Sportfreunde Lotte <\/p>\n<p>Lotte rannte in der Folge an, kassierte aber stattdessen den Endstand: Gerrit Wegkamp, eine Leihgabe des MSV Duisburg an die U23 des FC Schalke 04, zog in der 72. Minute einfach mal aus der Distanz ab und jubelte \u00fcber sein erstes Saisontor. Damit war den G\u00e4sten der Stecker gezogen, Schalke II verdiente sich den ersten Saisonsieg. Die Fimpel-Elf belegt mit f\u00fcnf Punkten Rang neun, Lotte folgt mit vier Z\u00e4hlern auf Platz zw\u00f6lf. <\/p>\n<p>W\u00e4hrend die K\u00f6nigsblauen am Samstag sicherlich nicht chancenlos beim Wuppertaler SV sind, empfangen die Sportfreunde am Sonntag die U21 des 1. FC K\u00f6ln. <\/p>\n<p>FC Schalke 04 II \u2013 Sportfreunde Lotte 3:0<br \/>FC Schalke 04 II: Johannes Siebeking, Tim-Justin Dietrich, Max Hauswirth, Max Lamby, Mika Khadr, Yassin Ben Balla, Edion Gashi, Paul P\u00f6pperl, Jakob Sachse, Gerrit Wegkamp, Ing-yom Jung &#8211; Trainer: Jakob Fimpel<br \/>Sportfreunde Lotte: Ron Meyer, Denis Milic, Fabian R\u00fcth, Jonas Kehl, Luca Horn, Franko Uzelac, Dino Bajric, Ben Klefisch, Marc Heider, Leon Demaj, Nazzareno Ciccarelli &#8211; Trainer: Fabian L\u00fcbbers<br \/>Schiedsrichter: Dominic Stock<br \/>Tore: 1:0 Ing-yom Jung (7.), 2:0 Yassin Ben Balla (44.), 3:0 Gerrit Wegkamp (72.)<\/p>\n<p> So lief der 4. Spieltag der Regionalliga West <\/p>\n<p>Sa., 16.08.25 14:00 Uhr SV R\u00f6dinghausen &#8211; VfL Bochum II 0:2<br \/>Sa., 16.08.25 14:00 Uhr SC Fortuna K\u00f6ln &#8211; RW Oberhausen 5:1<br \/>Sa., 16.08.25 14:00 Uhr Fortuna D\u00fcsseldorf II &#8211; 1. FC Bocholt 2:2<br \/>So., 17.08.25 14:00 Uhr Borussia Dortmund II &#8211; Wuppertaler SV 2:2<br \/>So., 17.08.25 14:00 Uhr SSVg Velbert &#8211; Borussia M\u00f6nchengladbach II 1:2<br \/>So., 17.08.25 14:00 Uhr SC Wiedenbr\u00fcck &#8211; SC Paderborn 07 II 3:1<br \/>So., 17.08.25 14:00 Uhr 1. FC K\u00f6ln II &#8211; Sportfreunde Siegen 2:4<br \/>Di., 19.08.25 19:00 Uhr Bonner SC &#8211; FC G\u00fctersloh 2:3<br \/>Mi., 20.08.25 19:00 Uhr FC Schalke 04 II &#8211; Sportfreunde Lotte 3:0<\/p>\n","protected":false},"excerpt":{"rendered":"Mit einem derart klaren Ergebnis war nicht unbedingt zu rechnen, schlie\u00dflich hatten die Schalker einen schwierigen Auftakt in&hellip;\n","protected":false},"author":2,"featured_media":361135,"comment_status":"","ping_status":"","sticky":false,"template":"","format":"standard","meta":{"footnotes":""},"categories":[1838],"tags":[3364,29,3715,3158,30,75569,3721,1209,3840,11615,26351],"class_list":{"0":"post-361134","1":"post","2":"type-post","3":"status-publish","4":"format-standard","5":"has-post-thumbnail","7":"category-duisburg","8":"tag-de","9":"tag-deutschland","10":"tag-duisburg","11":"tag-fc-schalke-04","12":"tag-germany","13":"tag-gerrit-wegkamp","14":"tag-msv-duisburg","15":"tag-nordrhein-westfalen","16":"tag-regionalliga-west","17":"tag-sportfreunde-lotte","18":"tag-victoria-mennrath"},"share_on_mastodon":{"url":"https:\/\/pubeurope.com\/@de\/115065162814217380","error":""},"_links":{"self":[{"href":"https:\/\/www.europesays.com\/de\/wp-json\/wp\/v2\/posts\/361134","targetHints":{"allow":["GET"]}}],"collection":[{"href":"https:\/\/www.europesays.com\/de\/wp-json\/wp\/v2\/posts"}],"about":[{"href":"https:\/\/www.europesays.com\/de\/wp-json\/wp\/v2\/types\/post"}],"author":[{"embeddable":true,"href":"https:\/\/www.europesays.com\/de\/wp-json\/wp\/v2\/users\/2"}],"replies":[{"embeddable":true,"href":"https:\/\/www.europesays.com\/de\/wp-json\/wp\/v2\/comments?post=361134"}],"version-history":[{"count":0,"href":"https:\/\/www.europesays.com\/de\/wp-json\/wp\/v2\/posts\/361134\/revisions"}],"wp:featuredmedia":[{"embeddable":true,"href":"https:\/\/www.europesays.com\/de\/wp-json\/wp\/v2\/media\/361135"}],"wp:attachment":[{"href":"https:\/\/www.europesays.com\/de\/wp-json\/wp\/v2\/media?parent=361134"}],"wp:term":[{"taxonomy":"category","embeddable":true,"href":"https:\/\/www.europesays.com\/de\/wp-json\/wp\/v2\/categories?post=361134"},{"taxonomy":"post_tag","embeddable":true,"href":"https:\/\/www.europesays.com\/de\/wp-json\/wp\/v2\/tags?post=361134"}],"curies":[{"name":"wp","href":"https:\/\/api.w.org\/{rel}","templated":true}]}}