{"id":361169,"date":"2025-08-21T06:06:18","date_gmt":"2025-08-21T06:06:18","guid":{"rendered":"https:\/\/www.europesays.com\/de\/361169\/"},"modified":"2025-08-21T06:06:18","modified_gmt":"2025-08-21T06:06:18","slug":"bringt-die-asiatische-tigermuecke-tropenkrankheiten-nach-koeln","status":"publish","type":"post","link":"https:\/\/www.europesays.com\/de\/361169\/","title":{"rendered":"Bringt die asiatische Tigerm\u00fccke Tropenkrankheiten nach K\u00f6ln?"},"content":{"rendered":"<p class=\"dm-paragraph my-8 dm-article-content-width\" index=\"0\" should-collapse-on-mobile=\"true\" has-padding=\"\" data-v-586984a4=\"\">Der S\u00fcden Europas ist \u201eknallrot\u201c. Der K\u00f6lner Infektiologe Dr. Jakob Schr\u00f6der sitzt in einem Behandlungszimmer des Cellitinnen-Krankenhauses St. Marien und zeigt auf einen Computerbildschirm. Darauf ist eine Karte zu sehen, die das Verbreitungsgebiet eines Insekts zeigt, das aktuell regelm\u00e4\u00dfig f\u00fcr Aufregung und Schlagzeilen sorgt: <a href=\"https:\/\/www.rundschau-online.de\/landesamt-tigermuecke-wird-sich-in-nrw-weiter-ausbreiten-1079376\" rel=\"nofollow noopener\" target=\"_blank\">die asiatische Tigerm\u00fccke<\/a>.<\/p>\n<p class=\"dm-paragraph my-8 dm-article-content-width\" index=\"1\" should-collapse-on-mobile=\"true\" has-padding=\"\" data-v-586984a4=\"\">\u201eTigerm\u00fccken sind in Europa jahrelang etabliert\u201c, sagt Schr\u00f6der. \u201eAuch in gro\u00dfen Teilen von Baden-W\u00fcrttemberg und Bayern kommt sie mittlerweile dauerhaft vor. Und die roten Flecken auf der Karte wandern immer weiter nach Norden. Da gibt es auch in NRW vereinzelte Funde.\u201c<\/p>\n<p class=\"dm-paragraph my-8 dm-article-content-width\" index=\"2\" should-collapse-on-mobile=\"true\" has-padding=\"\" data-v-586984a4=\"\">Der Aufruhr dar\u00fcber ist nicht ganz unbegr\u00fcndet: \u201eDie M\u00fccke an sich ist kein Problem. Sie wird jedoch zu einem, wenn sie jemanden sticht, <a href=\"https:\/\/www.rundschau-online.de\/dpa-panorama\/eu-behoerde-neuer-rekord-bei-von-muecken-uebertragenen-viren-1089519\" rel=\"nofollow noopener\" target=\"_blank\">der eine tropische Erkrankung in sich tr\u00e4gt und sie dann beim n\u00e4chsten Stich weitergibt.\u201c<\/a><\/p>\n<p><img decoding=\"async\" width=\"1840\" height=\"1227\" alt=\"Die asiatische Tigerm\u00fccke zeichnet sich durch ein schwarz-wei\u00dfes Muster aus. Zudem ist sie kleiner als heimische M\u00fccke und sticht haupts\u00e4chlich tags\u00fcber.\" loading=\"lazy\" onerror=\"this.setAttribute('data-error', 1)\" class=\"current-image dm-figure__image dm-figure__image--undefined undefined\" data-nuxt-pic=\"\" src=\"https:\/\/www.europesays.com\/de\/wp-content\/uploads\/2025\/08\/1755756378_86_f8a8a42a-64d6-463f-bd1f-679c0fed6307.jpeg\"  \/><\/p>\n<p class=\"dm-figure__subline\" data-v-72e429ff=\"\">Die asiatische Tigerm\u00fccke zeichnet sich durch ein schwarz-wei\u00dfes Muster aus. Zudem ist sie kleiner als heimische M\u00fccke und sticht haupts\u00e4chlich tags\u00fcber.<\/p>\n<p class=\"dm-figure__copyright\" data-v-72e429ff=\"\">Copyright: Ennio Leanza\/KEYSTONE\/dpa<\/p>\n<p class=\"dm-paragraph my-8 dm-article-content-width\" index=\"4\" should-collapse-on-mobile=\"true\" has-padding=\"\" data-v-586984a4=\"\">Dort, wo die asiatische Tigerm\u00fccke heimisch ist, ist sie unter anderem f\u00fcr die \u00dcbertragung der Infektionskrankheiten Gelbfieber, Dengue-Fieber, Zika-Fieber und Chikungunya-Fieber verantwortlich.\u00a0\u201eDiese Erkrankungen verlaufen teilweise \u00e4hnlich, aber unterschiedlich schwer\u201c, erkl\u00e4rt Dr. Schr\u00f6der.<\/p>\n<p class=\"dm-paragraph my-8 dm-article-content-width\" index=\"5\" should-collapse-on-mobile=\"true\" has-padding=\"\" data-v-586984a4=\"\">\u201eGelbfieber ist eine extrem gef\u00e4hrliche fieberhafte Erkrankung, die aber in Europa bisher nicht vorkommt. Chikungunya kann neben Fieber auch Gliederschmerzen ausl\u00f6sen, die manchmal Monate oder sogar Jahre andauern k\u00f6nnen. Eine Dengue-Fieber-Infektion verl\u00e4uft dagegen oft ohne Symptome, es kann aber \u2013 vor allem bei der Zweitinfektion \u2013 schwere Verl\u00e4ufe geben.\u201c<\/p>\n<p class=\"dm-paragraph my-8 dm-article-content-width\" index=\"6\" should-collapse-on-mobile=\"true\" has-padding=\"\" data-v-586984a4=\"\">So weit entfernt tropische L\u00e4nder klingen m\u00f6gen: Reiser\u00fcckkehrer bringen Erkrankungen wie das Dengue-Fieber immer wieder mit nach Deutschland. Allein in der ersten H\u00e4lfte von 2024 vermeldete das <a href=\"https:\/\/www.rundschau-online.de\/themen\/robert-koch-institut\" rel=\"nofollow noopener\" target=\"_blank\">Robert-Koch-Institut<\/a> rund 600 F\u00e4lle. Dr. Schr\u00f6der geht jedoch von einer hohen Dunkelziffer aus, da nicht jede erkrankte Person \u00e4rztlich untersucht und getestet wird.<\/p>\n<p class=\"dm-paragraph my-8 dm-article-content-width\" index=\"7\" should-collapse-on-mobile=\"true\" has-padding=\"\" data-v-586984a4=\"\">Das macht sich auch auf seiner Station im St. Marien Krankenhaus bemerkbar. \u201eBei Dengue beobachten wir hier zunehmend mehr F\u00e4lle.\u201c Im Jahr handele es sich um rund 15 Erkrankte. \u201eManche m\u00fcssen dann station\u00e4r liegen, bekommen Schmerzmittel und Fl\u00fcssigkeit. Nach einer Woche konnten sie aber wieder nach Hause.\u201c<\/p>\n<p>Arzt rechnet auch in K\u00f6ln mit Ansteckungen per M\u00fcckenstich<\/p>\n<p class=\"dm-paragraph my-8 dm-article-content-width\" index=\"9\" should-collapse-on-mobile=\"true\" has-padding=\"\" data-v-586984a4=\"\">Problematisch wird es, wenn die Tigerm\u00fccke hierzulande infizierte Reiser\u00fcckkehrer stechen und ihre Erkrankung so verbreiten. \u201eDie Gesundheitsgefahr f\u00fcr uns besteht, wenn sich ein Kreislauf bildet und die Krankheit immer weitergegeben wird. In so einem Fall ist es dann m\u00f6glich, die Infektion vor Ort zu erwerben \u2013 ohne dass man im Ausland war. So etwas nennt man dann einen autochthonen Fall.\u201c Das habe es zwar noch nicht in Deutschland, aber vor einigen Jahren mit Dengue-Fieber bereits am Gardasee gegeben.<\/p>\n<p class=\"dm-paragraph my-8 dm-article-content-width\" index=\"10\" should-collapse-on-mobile=\"true\" has-padding=\"\" data-v-586984a4=\"\">Und auch in der N\u00e4he von NRW kam es vor kurzem zu so einer \u201eautochthonen Zone\u201c: Im Luftlinie nur rund 300 Kilometer entfernten Elsass. Dort hat sich eine Person, die sich in der N\u00e4he von Stra\u00dfburg aufhielt, Anfang Juli mit dem Chikungunya-Virus angesteckt.\u00a0<\/p>\n<p class=\"dm-paragraph my-8 dm-article-content-width\" index=\"11\" should-collapse-on-mobile=\"true\" has-padding=\"\" data-v-586984a4=\"\">Wie gro\u00df ist also die Gefahr, sich in K\u00f6ln durch einen M\u00fcckenstich mit einer Tropenkrankheit anzustecken? Erstmal ist festzuhalten, dass es in K\u00f6ln aktuell noch keine best\u00e4tigten Vorkommnisse der Tigerm\u00fccke gibt, wie die Stadt mitteilte. Jedoch sind B\u00fcrgerinnen und B\u00fcrger seit einigen Wochen dazu aufgefordert, <a href=\"https:\/\/www.rundschau-online.de\/stadt-koeln-warnt-vor-asiatischer-tigermuecke-1076546\" rel=\"nofollow noopener\" target=\"_blank\">Fotos von verd\u00e4chtigen Exemplaren einzusenden.<\/a> Einige Fotos, seien bereits eingegangen. Die Absender sollen \u2013 falls vorhanden \u2013 die toten Exemplare nun an das Forschungsprojekt \u201eM\u00fcckenatlas\u201c schicken, um sie untersuchen zu lassen.<\/p>\n<p class=\"dm-paragraph my-8 dm-article-content-width\" index=\"12\" should-collapse-on-mobile=\"true\" has-padding=\"\" data-v-586984a4=\"\">\u201eDas Risiko, sich aktuell in K\u00f6ln anzustecken, ist im Vergleich dazu, sich auf Reisen anzustecken, sicherlich noch sehr gering\u201c, beruhigt Dr. Schr\u00f6der. Das k\u00f6nnte sich jedoch \u00e4ndern: \u201eDass man sich in K\u00f6ln durch einen M\u00fcckenstich mit tropischen Krankheiten anstecken kann, wird irgendwann definitiv passieren. Wann genau, ist aber ein Blick in die Kristallkugel. Das kann morgen passieren, oder in zwei Jahren: Aber die autochthonen F\u00e4lle werden kommen.\u201c<\/p>\n<p>Klimawandel schafft gute Bedingungen in Europa f\u00fcr die Tigerm\u00fccke<\/p>\n<p class=\"dm-paragraph my-8 dm-article-content-width\" index=\"14\" should-collapse-on-mobile=\"true\" has-padding=\"\" data-v-586984a4=\"\">Und das k\u00f6nnte dauerhafte Folgen haben. \u201eMan geht in der Medizin davon aus, dass sich Krankheiten wie Dengue oder Chikungunya in den n\u00e4chsten Jahren oder Jahrzehnten in Deutschland etablieren k\u00f6nnten. Vielleicht nicht das ganze Jahr und nicht in riesiger H\u00e4ufigkeit, aber das wird die Realit\u00e4t sein, mit der wir uns abfinden m\u00fcssen. In Zukunft werden auch wir uns wahrscheinlich Moskitonetze aufspannen, um uns zu sch\u00fctzen.\u201c<\/p>\n<p class=\"dm-paragraph my-8 dm-article-content-width\" index=\"15\" should-collapse-on-mobile=\"true\" has-padding=\"\" data-v-586984a4=\"\">Erstmals nach Europa eingeschleppt, wurde die asiatische Tigerm\u00fccke wahrscheinlich durch den Reise- und Handelsverkehr. Zur Erkl\u00e4rung daf\u00fcr, dass sie sich hier heimisch f\u00fchlt, hilft ein Blick auf das Wetter in den vergangenen Wochen.\u00a0\u201eDie aktuellen Klimaver\u00e4nderungen, die f\u00fchren dazu, dass die asiatische Tigerm\u00fccke sich hier weiter etabliert. Wir merken alle, dass es w\u00e4rmer wird und oft auch feuchter, das lieben die M\u00fccken. Hinzu kommt starker Regen, durch den sich viel Oberfl\u00e4chenwasser bildet, in dem sie sich vermehren k\u00f6nnen.\u201c<\/p>\n<p class=\"dm-paragraph my-8 dm-article-content-width\" index=\"16\" should-collapse-on-mobile=\"true\" has-padding=\"\" data-v-586984a4=\"\">Auch, wenn Dr. Schr\u00f6der das Risiko f\u00fcr eine in K\u00f6ln erworbene Infektion durch einen M\u00fcckenstich aktuell noch als gering einsch\u00e4tzt, betont er:\u00a0\u201eWir sollten die klimatischen Ver\u00e4nderungen ernst nehmen, uns auf neue Erkrankungen einstellen und gleichzeitig wo immer m\u00f6glich versuchen, die Erw\u00e4rmung noch abzumildern.\u201c<\/p>\n<p>R\u00fcckkehrer-Sprechstunde im St. Marien<\/p>\n<p class=\"dm-paragraph my-8 dm-article-content-width\" index=\"19\" should-collapse-on-mobile=\"true\" has-padding=\"\" data-v-586984a4=\"\">Die Infektiologie, Reise- und Tropenmedizin des Cellitinnen Krankenhauses St. Marien unterst\u00fctzt\u00a0Reisende vor und nach ihrem Aufenthalt im Ausland. Im Vorhinein k\u00f6nnen sie dort eine Reiseberatung wahrnehmen, bei der \u00fcber besondere Erkrankungen und Gesundheitsrisiken sowie m\u00f6gliche Impfungen f\u00fcr das entsprechende Gebiet informiert wird.<\/p>\n<p class=\"dm-paragraph my-8 dm-article-content-width\" index=\"20\" should-collapse-on-mobile=\"true\" has-padding=\"\" data-v-586984a4=\"\">Bei der R\u00fcckkehrer-Beratung k\u00f6nnen hingegen Personen vorstellig werden, die im Ausland waren und mit unklaren Beschwerden zur\u00fcckkommen. \u201eWenn es akut ist und man hohes Fieber hat, kommt man besser direkt in die Notaufnahme. Dann bitte nicht erst auf einen Termin warten\u201c, erkl\u00e4rt der zust\u00e4ndige Arzt Dr. Jakob Schr\u00f6der.\u00a0<\/p>\n","protected":false},"excerpt":{"rendered":"Der S\u00fcden Europas ist \u201eknallrot\u201c. Der K\u00f6lner Infektiologe Dr. Jakob Schr\u00f6der sitzt in einem Behandlungszimmer des Cellitinnen-Krankenhauses St.&hellip;\n","protected":false},"author":2,"featured_media":361170,"comment_status":"","ping_status":"","sticky":false,"template":"","format":"standard","meta":{"footnotes":""},"categories":[1828],"tags":[29,30,1420,1209],"class_list":{"0":"post-361169","1":"post","2":"type-post","3":"status-publish","4":"format-standard","5":"has-post-thumbnail","7":"category-koeln","8":"tag-deutschland","9":"tag-germany","10":"tag-koeln","11":"tag-nordrhein-westfalen"},"share_on_mastodon":{"url":"https:\/\/pubeurope.com\/@de\/115065256998667046","error":""},"_links":{"self":[{"href":"https:\/\/www.europesays.com\/de\/wp-json\/wp\/v2\/posts\/361169","targetHints":{"allow":["GET"]}}],"collection":[{"href":"https:\/\/www.europesays.com\/de\/wp-json\/wp\/v2\/posts"}],"about":[{"href":"https:\/\/www.europesays.com\/de\/wp-json\/wp\/v2\/types\/post"}],"author":[{"embeddable":true,"href":"https:\/\/www.europesays.com\/de\/wp-json\/wp\/v2\/users\/2"}],"replies":[{"embeddable":true,"href":"https:\/\/www.europesays.com\/de\/wp-json\/wp\/v2\/comments?post=361169"}],"version-history":[{"count":0,"href":"https:\/\/www.europesays.com\/de\/wp-json\/wp\/v2\/posts\/361169\/revisions"}],"wp:featuredmedia":[{"embeddable":true,"href":"https:\/\/www.europesays.com\/de\/wp-json\/wp\/v2\/media\/361170"}],"wp:attachment":[{"href":"https:\/\/www.europesays.com\/de\/wp-json\/wp\/v2\/media?parent=361169"}],"wp:term":[{"taxonomy":"category","embeddable":true,"href":"https:\/\/www.europesays.com\/de\/wp-json\/wp\/v2\/categories?post=361169"},{"taxonomy":"post_tag","embeddable":true,"href":"https:\/\/www.europesays.com\/de\/wp-json\/wp\/v2\/tags?post=361169"}],"curies":[{"name":"wp","href":"https:\/\/api.w.org\/{rel}","templated":true}]}}