{"id":361281,"date":"2025-08-21T07:07:11","date_gmt":"2025-08-21T07:07:11","guid":{"rendered":"https:\/\/www.europesays.com\/de\/361281\/"},"modified":"2025-08-21T07:07:11","modified_gmt":"2025-08-21T07:07:11","slug":"mehr-sicherheit-fuer-garbsen-praeventionsrat-oeffnet-sein-treffen-fuer-alle-interessierten","status":"publish","type":"post","link":"https:\/\/www.europesays.com\/de\/361281\/","title":{"rendered":"Mehr Sicherheit f\u00fcr Garbsen &#8211; Pr\u00e4ventionsrat \u00f6ffnet sein Treffen f\u00fcr alle Interessierten"},"content":{"rendered":"<p>            <a href=\"https:\/\/garbsen-city-news.de\/wp-content\/uploads\/2025\/08\/Luftbild-Google-earth-4-1.png\" data-caption=\"Der Pr\u00e4ventionsrat versteht sich als Vernetzungsplattform: Polizei, Verwaltung, Schulen, Jugendhilfe und engagierte Menschen aus der Stadtgesellschaft arbeiten hier zusammen.\/GCN\" rel=\"nofollow noopener\" target=\"_blank\"><img loading=\"lazy\" decoding=\"async\" width=\"696\" height=\"392\" class=\"entry-thumb td-modal-image\" src=\"https:\/\/www.europesays.com\/de\/wp-content\/uploads\/2025\/08\/Luftbild-Google-earth-4-1-696x392.png\"   alt=\"\" title=\"Luftbild Google earth-4\"\/><\/a>Der Pr\u00e4ventionsrat versteht sich als Vernetzungsplattform: Polizei, Verwaltung, Schulen, Jugendhilfe und engagierte Menschen aus der Stadtgesellschaft arbeiten hier zusammen.\/GCN<\/p>\n<p data-start=\"0\" data-end=\"89\"><strong>Garbsen \u2013<\/strong> Mehr Sicherheit f\u00fcr Garbsen \u2013 Pr\u00e4ventionsrat \u00f6ffnet sein Treffen f\u00fcr alle Interessierten.<\/p>\n<p data-start=\"91\" data-end=\"550\">Der Pr\u00e4ventionsrat der Stadt Garbsen l\u00e4dt f\u00fcr <strong data-start=\"146\" data-end=\"180\">Donnerstag, 28. August, 18 Uhr<\/strong>, in die <strong data-start=\"189\" data-end=\"245\">Aula des Johannes-Kepler-Gymnasiums (Planetenring 9)<\/strong> ein \u2013 und <strong data-start=\"256\" data-end=\"264\">alle<\/strong> sind willkommen: B\u00fcrgerinnen und B\u00fcrger, Vereine, Schulen, Initiativen und Institutionen. Ziel des offenen Treffens ist es, \u00fcber die Arbeit des Gremiums zu informieren, Projekte vorzustellen und <strong data-start=\"460\" data-end=\"484\">gemeinsam neue Ideen<\/strong> f\u00fcr ein noch sichereres und lebenswerteres Garbsen zu entwickeln.<\/p>\n<p data-start=\"552\" data-end=\"972\">Der Pr\u00e4ventionsrat versteht sich als <strong data-start=\"589\" data-end=\"613\">Vernetzungsplattform<\/strong>: Polizei, Verwaltung, Schulen, Jugendhilfe und engagierte Menschen aus der Stadtgesellschaft arbeiten hier zusammen. In verschiedenen Arbeitsgruppen werden Themen wie <strong data-start=\"781\" data-end=\"803\">Jugendkriminalit\u00e4t<\/strong>, <strong data-start=\"805\" data-end=\"824\">Suchtpr\u00e4vention<\/strong>, <strong data-start=\"826\" data-end=\"846\">Gewaltpr\u00e4vention<\/strong> und <strong data-start=\"851\" data-end=\"886\">gesellschaftlicher Zusammenhalt<\/strong> aktiv angegangen \u2013 vom Austausch guter Praxis bis hin zu konkreten Ma\u00dfnahmen vor Ort.<\/p>\n<p data-start=\"974\" data-end=\"1359\">Ein Schwerpunkt des Abends ist die <strong data-start=\"1009\" data-end=\"1042\">Gr\u00fcndung neuer Arbeitsgruppen<\/strong>. Gesucht werden Menschen, die <strong data-start=\"1073\" data-end=\"1122\">Erfahrung, Fachwissen oder schlicht Interesse<\/strong> mitbringen und sich f\u00fcr gutes Miteinander in Garbsen engagieren m\u00f6chten. \u201e<strong data-start=\"1197\" data-end=\"1312\">Ob jung oder alt, ob Verein, Initiative oder Einzelperson \u2013 jede Stimme z\u00e4hlt. Pr\u00e4vention gelingt nur gemeinsam<\/strong>\u201c, betont <strong data-start=\"1322\" data-end=\"1358\">B\u00fcrgermeister Claudio Provenzano<\/strong>.<\/p>\n<p data-start=\"1361\" data-end=\"1545\">Eine <strong data-start=\"1366\" data-end=\"1402\">Anmeldung ist nicht erforderlich<\/strong>. Wer Fragen hat, erreicht das Team des Pr\u00e4ventionsrates unter <strong data-start=\"1465\" data-end=\"1487\">(0 51 31) 70 75 71 <\/strong>oder per E-Mail an <strong data-start=\"1507\" data-end=\"1544\"><a class=\"decorated-link cursor-pointer\" rel=\"noopener\" data-start=\"1509\" data-end=\"1542\">[email\u00a0protected]<\/a><\/strong>.<\/p>\n<p data-start=\"1552\" data-end=\"1580\"><strong data-start=\"1552\" data-end=\"1578\">Termin auf einen Blick<\/strong><\/p>\n<ul data-start=\"1581\" data-end=\"1834\">\n<li data-start=\"1581\" data-end=\"1641\">\n<p data-start=\"1583\" data-end=\"1641\"><strong data-start=\"1583\" data-end=\"1592\">Wann:<\/strong> Donnerstag, <strong data-start=\"1605\" data-end=\"1624\">28. August 2025<\/strong>, <strong data-start=\"1626\" data-end=\"1639\">18:00 Uhr<\/strong><\/p>\n<\/li>\n<li data-start=\"1642\" data-end=\"1718\">\n<p data-start=\"1644\" data-end=\"1718\"><strong data-start=\"1644\" data-end=\"1651\">Wo:<\/strong> Aula des <strong data-start=\"1661\" data-end=\"1691\">Johannes-Kepler-Gymnasiums<\/strong>, Planetenring 9, Garbsen<\/p>\n<\/li>\n<li data-start=\"1719\" data-end=\"1790\">\n<p data-start=\"1721\" data-end=\"1790\"><strong data-start=\"1721\" data-end=\"1733\">Kontakt:<\/strong> (0 51 31) 70 75 71 \u00b7 <a class=\"decorated-link cursor-pointer\" rel=\"noopener\" data-start=\"1755\" data-end=\"1788\">[email\u00a0protected]<\/a><\/p>\n<\/li>\n<li data-start=\"1791\" data-end=\"1834\">\n<p data-start=\"1793\" data-end=\"1834\"><strong data-start=\"1793\" data-end=\"1807\">Teilnahme:<\/strong> kostenfrei, ohne Anmeldung<\/p>\n<\/li>\n<\/ul>\n<p>GCN\/bs<\/p>\n","protected":false},"excerpt":{"rendered":"Der Pr\u00e4ventionsrat versteht sich als Vernetzungsplattform: Polizei, Verwaltung, Schulen, Jugendhilfe und engagierte Menschen aus der Stadtgesellschaft arbeiten hier&hellip;\n","protected":false},"author":2,"featured_media":361282,"comment_status":"","ping_status":"","sticky":false,"template":"","format":"standard","meta":{"footnotes":""},"categories":[1836],"tags":[3364,29,30,46,1411],"class_list":{"0":"post-361281","1":"post","2":"type-post","3":"status-publish","4":"format-standard","5":"has-post-thumbnail","7":"category-hannover","8":"tag-de","9":"tag-deutschland","10":"tag-germany","11":"tag-hannover","12":"tag-niedersachsen"},"share_on_mastodon":{"url":"https:\/\/pubeurope.com\/@de\/115065496966208318","error":""},"_links":{"self":[{"href":"https:\/\/www.europesays.com\/de\/wp-json\/wp\/v2\/posts\/361281","targetHints":{"allow":["GET"]}}],"collection":[{"href":"https:\/\/www.europesays.com\/de\/wp-json\/wp\/v2\/posts"}],"about":[{"href":"https:\/\/www.europesays.com\/de\/wp-json\/wp\/v2\/types\/post"}],"author":[{"embeddable":true,"href":"https:\/\/www.europesays.com\/de\/wp-json\/wp\/v2\/users\/2"}],"replies":[{"embeddable":true,"href":"https:\/\/www.europesays.com\/de\/wp-json\/wp\/v2\/comments?post=361281"}],"version-history":[{"count":0,"href":"https:\/\/www.europesays.com\/de\/wp-json\/wp\/v2\/posts\/361281\/revisions"}],"wp:featuredmedia":[{"embeddable":true,"href":"https:\/\/www.europesays.com\/de\/wp-json\/wp\/v2\/media\/361282"}],"wp:attachment":[{"href":"https:\/\/www.europesays.com\/de\/wp-json\/wp\/v2\/media?parent=361281"}],"wp:term":[{"taxonomy":"category","embeddable":true,"href":"https:\/\/www.europesays.com\/de\/wp-json\/wp\/v2\/categories?post=361281"},{"taxonomy":"post_tag","embeddable":true,"href":"https:\/\/www.europesays.com\/de\/wp-json\/wp\/v2\/tags?post=361281"}],"curies":[{"name":"wp","href":"https:\/\/api.w.org\/{rel}","templated":true}]}}