{"id":361299,"date":"2025-08-21T07:17:10","date_gmt":"2025-08-21T07:17:10","guid":{"rendered":"https:\/\/www.europesays.com\/de\/361299\/"},"modified":"2025-08-21T07:17:10","modified_gmt":"2025-08-21T07:17:10","slug":"leipzig-nimmt-platz-gewinnt-bei-gericht-gegen-stadt","status":"publish","type":"post","link":"https:\/\/www.europesays.com\/de\/361299\/","title":{"rendered":"Leipzig nimmt Platz gewinnt bei Gericht gegen Stadt"},"content":{"rendered":"<p>Kostenfrei bis 10:02 Uhr lesen<\/p>\n<p>Bei Querdenken-Gegenprotest<\/p>\n<p>Kostenpflichtig<\/p>\n<p>Kostenpflichtig<\/p>\n<p>\ufeffVerwaltungsgericht: Ablehnung von \u201eLeipzig nimmt Platz\u201c Spontandemo war rechtswidrig<\/p>\n<p>Anh\u00f6renApp \u00f6ffnen<\/p>\n<p class=\"Textstyled__Text-sc-1cqv9mi-0 cLyiiX ArticleHeadstyled__ArticleSubHeadline-sc-tdzyy5-11 fXdZot\">Aus einem Rechtsstreit zur Versammlungsfreiheit zwischen der Stadt und dem Aktionsnetzwerk \u201eLeipzig nimmt Platz\u201c ist letzteres als Gewinner hervorgegangen. Die Stadt erkannte ihre Rechtsverletzung an.<\/p>\n<p class=\"Textstyled__Text-sc-1cqv9mi-0 cLyiiX\">Leipzig. Das Aktionsnetzwerk \u201eLeipzig nimmt Platz\u201c hat in einem Verfahren gegen die Stadt und deren Versammlungsbeh\u00f6rde am Verwaltungsgericht Leipzig recht bekommen. Die Beh\u00f6rde hatte es im Oktober 2022 w\u00e4hrend eines Gegenprotests zu einem Aufmarsch der Querdenken-Szene nicht gestattet, eine spontane Sitzversammlung als Demonstration anzumelden, wie es vonseiten des Aktionsnetzwerkes hei\u00dft. <\/p>\n<p>Weiterlesen nach der Anzeige<\/p>\n<p>Weiterlesen nach der Anzeige<\/p>\n<p class=\"Textstyled__Text-sc-1cqv9mi-0 cLyiiX\">Die Versammlungsbeh\u00f6rde habe das Geschehen 2022 pauschal und ohne inhaltliche Pr\u00fcfung als strategische Blockade eingestuft. Beh\u00f6rden m\u00fcssen eine versammlungsfreundliche Auslegung vornehmen und zun\u00e4chst von einer zul\u00e4ssigen Spontanversammlung ausgehen, verlangt das Gesetz. Noch bevor das Verwaltungsgericht den Vorfall allerdings n\u00e4her untersuchen konnte, r\u00e4umte die Stadt \u00fcberraschenderweise ihr Fehlverhalten ein. <\/p>\n<p>Gerichtssprecher: \u201eSeit 30 Jahren nicht erlebt\u201c<\/p>\n<p class=\"Textstyled__Text-sc-1cqv9mi-0 cLyiiX\">Eine sogenannte Anerkenntnis sei in solchen F\u00e4llen sehr selten, erkl\u00e4rte Dirk Tolkmitt, Sprecher des Verwaltungsgerichts, auf Anfrage. \u201eDie Stadt hat die Rechtswidrigkeit des Verhaltens der Versammlungsbeh\u00f6rde direkt anerkannt. So etwas habe ich in den letzten drei\u00dfig Jahren ich nicht erlebt.\u201c Konsequenzen f\u00fcr die Stadt ergeben sich aus dem Anerkenntnisurteil des Gerichts allerdings nicht. \u201eMan wird sich intern aber bestimmt noch einmal damit befassen und das Geschehene aufarbeiten.\u201c Die Stadt \u00e4u\u00dferte sich bisher nicht zu dazu.<\/p>\n<p>Weiterlesen nach der Anzeige<\/p>\n<p>Weiterlesen nach der Anzeige<\/p>\n<p class=\"Textstyled__Text-sc-1cqv9mi-0 cLyiiX\">Der Erfolg sei ein klares Signal, erkl\u00e4rt Marcus R\u00f6der, Kl\u00e4ger f\u00fcr das Aktionsnetzwerk: \u201eGrundrechte d\u00fcrfen nicht aus Bequemlichkeit oder politischem Kalk\u00fcl eingeschr\u00e4nkt werden. Spontanversammlungen sind ein wichtiger Bestandteil demokratischer Protestkultur.\u201c<\/p>\n<p>Netzwerk: \u201eNotwendig, um Grundrechte zu sch\u00fctzen\u201c<\/p>\n<p class=\"Textstyled__Text-sc-1cqv9mi-0 cLyiiX\">Aktuell klagt das Netzwerk noch in anderen Verfahren. Wegen der \u00f6rtlichen Beschr\u00e4nkung einer Demonstration im November 2022 war \u201eLeipzig nimmt Platz\u201c bereits vor das Verwaltungsgericht gezogen. Mittlerweile befasst sich das Oberverwaltungsgericht in zweiter Instanz mit dem Fall. Eine weitere Klage wurde abgewiesen, bisher sei das Netzwerk noch nicht in Berufung gegangen, so Tolkmitt.<\/p>\n<p class=\"Textstyled__Text-sc-1cqv9mi-0 cLyiiX\">\u201eDie Verfahren zeigen: Rechtliche Auseinandersetzungen mit Auflagen sind notwendig, um Grundrechte zu sch\u00fctzen. Immer wieder versuchen Beh\u00f6rden aus Angst vor m\u00f6glichen Gefahren, Grundrechte pr\u00e4ventiv einzuschr\u00e4nken \u2013 ein Vorgehen, das eher einem autorit\u00e4ren als einem freiheitlichen Staatsverst\u00e4ndnis entspricht\u201c, sagte Irena Rudolph-Kokot f\u00fcr das Aktionsnetzwerk. <\/p>\n<p class=\"Editorialstyled__Editorial-sc-5u8rgl-0 cBUuy\">LVZ<\/p>\n","protected":false},"excerpt":{"rendered":"Kostenfrei bis 10:02 Uhr lesen Bei Querdenken-Gegenprotest Kostenpflichtig Kostenpflichtig \ufeffVerwaltungsgericht: Ablehnung von \u201eLeipzig nimmt Platz\u201c Spontandemo war rechtswidrig&hellip;\n","protected":false},"author":2,"featured_media":361300,"comment_status":"","ping_status":"","sticky":false,"template":"","format":"standard","meta":{"footnotes":""},"categories":[1832],"tags":[3364,29,30,71,859],"class_list":{"0":"post-361299","1":"post","2":"type-post","3":"status-publish","4":"format-standard","5":"has-post-thumbnail","7":"category-leipzig","8":"tag-de","9":"tag-deutschland","10":"tag-germany","11":"tag-leipzig","12":"tag-sachsen"},"share_on_mastodon":{"url":"https:\/\/pubeurope.com\/@de\/115065536181852500","error":""},"_links":{"self":[{"href":"https:\/\/www.europesays.com\/de\/wp-json\/wp\/v2\/posts\/361299","targetHints":{"allow":["GET"]}}],"collection":[{"href":"https:\/\/www.europesays.com\/de\/wp-json\/wp\/v2\/posts"}],"about":[{"href":"https:\/\/www.europesays.com\/de\/wp-json\/wp\/v2\/types\/post"}],"author":[{"embeddable":true,"href":"https:\/\/www.europesays.com\/de\/wp-json\/wp\/v2\/users\/2"}],"replies":[{"embeddable":true,"href":"https:\/\/www.europesays.com\/de\/wp-json\/wp\/v2\/comments?post=361299"}],"version-history":[{"count":0,"href":"https:\/\/www.europesays.com\/de\/wp-json\/wp\/v2\/posts\/361299\/revisions"}],"wp:featuredmedia":[{"embeddable":true,"href":"https:\/\/www.europesays.com\/de\/wp-json\/wp\/v2\/media\/361300"}],"wp:attachment":[{"href":"https:\/\/www.europesays.com\/de\/wp-json\/wp\/v2\/media?parent=361299"}],"wp:term":[{"taxonomy":"category","embeddable":true,"href":"https:\/\/www.europesays.com\/de\/wp-json\/wp\/v2\/categories?post=361299"},{"taxonomy":"post_tag","embeddable":true,"href":"https:\/\/www.europesays.com\/de\/wp-json\/wp\/v2\/tags?post=361299"}],"curies":[{"name":"wp","href":"https:\/\/api.w.org\/{rel}","templated":true}]}}