{"id":361361,"date":"2025-08-21T07:52:12","date_gmt":"2025-08-21T07:52:12","guid":{"rendered":"https:\/\/www.europesays.com\/de\/361361\/"},"modified":"2025-08-21T07:52:12","modified_gmt":"2025-08-21T07:52:12","slug":"waffenarsenal-im-gepaeck-polizei-nimmt-frau-in-aachen-fest","status":"publish","type":"post","link":"https:\/\/www.europesays.com\/de\/361361\/","title":{"rendered":"\u201eWaffenarsenal\u201c im Gep\u00e4ck: Polizei nimmt Frau in Aachen fest"},"content":{"rendered":"<p class=\"Paragraph_root__xJSDF Paragraph_default-lg-default__txMNQ articleParagraph\">Bundespolizisten haben am Mittwoch am Hauptbahnhof Aachen eine Frau festgenommen, die mehrere Waffen und Drogen mit sich f\u00fchrte. <\/p>\n<p class=\"Paragraph_root__xJSDF Paragraph_default-lg-default__txMNQ articleParagraph\">Die 43-J\u00e4hrige hatte sich am Haupteingang des Bahnhofs aufgehalten, als sie von Beamten kontrolliert worden war, wie die Bundespolizei mitteilt. Sie habe sich nicht ausweisen k\u00f6nnen. <\/p>\n<p class=\"Paragraph_root__xJSDF Paragraph_default-lg-default__txMNQ articleParagraph\">Bei der \u00dcberpr\u00fcfung der von ihr angegebenen Personalien habe sich herausgestellt, dass die Staatsanwaltschaft Aachen nach ihr fandet: Wegen Diebstahls soll sie 900 Euro Geldstrafe zahlen oder eine 30-t\u00e4gige Haftstrafe absitzen und wegen Betrugs soll sie 300 Euro Geldstrafe zahlen oder eine 30-t\u00e4gige Haftstrafe absitzen.  <\/p>\n<p><a href=\"https:\/\/www.aachener-zeitung.de\/lokales\/region-dueren\/juelich\/nach-korruptionsvorwurf-anzeige-gegen-juelicher-buergermeisterkandidat\/84768869.html\" class=\"RelatedTeaser_related-teaser__awFnD RelatedTeaser_related-teaser--image__oZDce read-more_withImage__1YJa_\" data-article-id=\"84768869\" rel=\"nofollow noopener\" target=\"_blank\"><\/p>\n<p>Lesen Sie auch:Nach Korruptionsvorwurf: Anzeige gegen J\u00fclicher B\u00fcrgermeisterkandidat <\/p>\n<p><\/a><\/p>\n<p class=\"Paragraph_root__xJSDF Paragraph_default-lg-default__txMNQ articleParagraph\">Die Frau wurde festgenommen, auf der Dienststelle der Bundespolizei wurde ihr Gep\u00e4ck durchsucht. Zum Inhalt schreibt die Bundespolizei: \u201eWas die Dame in ihrer Tasche mitf\u00fchrte, \u00e4hnelte einer Pralinenschachtel: diverse \u00dcberraschungen! Neben zwei sogenannten Neck-Knifes, einem Faustmesser, einem Butterflymesser, einem Schlagring und einem Monkey-Fist (Totschl\u00e4ger) fanden die Beamten Teleskopschlagst\u00f6cke und Einhandmesser. Neben all den Waffen gingen die neun Taschenmesser fast unter.\u201c Au\u00dferdem habe die Frau Drogen transportiert: unter anderem Ecstasy, Amphetamin und Tilidin. \u201eInsgesamt stellten die Beamten 27 Waffen und Bet\u00e4ubungsmittel sicher.\u201c<\/p>\n<p class=\"Paragraph_root__xJSDF Paragraph_default-lg-default__txMNQ articleParagraph\">Da die Frau die Geldstrafen nicht habe zahlen k\u00f6nnen, sei ihr Freund vorstellig geworden, um diese zu begleichen. Danach habe sie gehen k\u00f6nnen, aber sie \u201edarf sich weiterer Ermittlungen bez\u00fcglich der neu begangenen Straftaten sicher sein.\u201c<\/p>\n","protected":false},"excerpt":{"rendered":"Bundespolizisten haben am Mittwoch am Hauptbahnhof Aachen eine Frau festgenommen, die mehrere Waffen und Drogen mit sich f\u00fchrte.&hellip;\n","protected":false},"author":2,"featured_media":361362,"comment_status":"","ping_status":"","sticky":false,"template":"","format":"standard","meta":{"footnotes":""},"categories":[1853],"tags":[1424,3364,29,548,663,3934,30,13,14,15,1209,12],"class_list":{"0":"post-361361","1":"post","2":"type-post","3":"status-publish","4":"format-standard","5":"has-post-thumbnail","7":"category-aachen","8":"tag-aachen","9":"tag-de","10":"tag-deutschland","11":"tag-eu","12":"tag-europa","13":"tag-europe","14":"tag-germany","15":"tag-headlines","16":"tag-nachrichten","17":"tag-news","18":"tag-nordrhein-westfalen","19":"tag-schlagzeilen"},"share_on_mastodon":{"url":"https:\/\/pubeurope.com\/@de\/115065673655022959","error":""},"_links":{"self":[{"href":"https:\/\/www.europesays.com\/de\/wp-json\/wp\/v2\/posts\/361361","targetHints":{"allow":["GET"]}}],"collection":[{"href":"https:\/\/www.europesays.com\/de\/wp-json\/wp\/v2\/posts"}],"about":[{"href":"https:\/\/www.europesays.com\/de\/wp-json\/wp\/v2\/types\/post"}],"author":[{"embeddable":true,"href":"https:\/\/www.europesays.com\/de\/wp-json\/wp\/v2\/users\/2"}],"replies":[{"embeddable":true,"href":"https:\/\/www.europesays.com\/de\/wp-json\/wp\/v2\/comments?post=361361"}],"version-history":[{"count":0,"href":"https:\/\/www.europesays.com\/de\/wp-json\/wp\/v2\/posts\/361361\/revisions"}],"wp:featuredmedia":[{"embeddable":true,"href":"https:\/\/www.europesays.com\/de\/wp-json\/wp\/v2\/media\/361362"}],"wp:attachment":[{"href":"https:\/\/www.europesays.com\/de\/wp-json\/wp\/v2\/media?parent=361361"}],"wp:term":[{"taxonomy":"category","embeddable":true,"href":"https:\/\/www.europesays.com\/de\/wp-json\/wp\/v2\/categories?post=361361"},{"taxonomy":"post_tag","embeddable":true,"href":"https:\/\/www.europesays.com\/de\/wp-json\/wp\/v2\/tags?post=361361"}],"curies":[{"name":"wp","href":"https:\/\/api.w.org\/{rel}","templated":true}]}}