{"id":361410,"date":"2025-08-21T08:18:10","date_gmt":"2025-08-21T08:18:10","guid":{"rendered":"https:\/\/www.europesays.com\/de\/361410\/"},"modified":"2025-08-21T08:18:10","modified_gmt":"2025-08-21T08:18:10","slug":"neue-eu-regeln-fuer-ewige-chemikalien-was-wird-nun-gelten","status":"publish","type":"post","link":"https:\/\/www.europesays.com\/de\/361410\/","title":{"rendered":"Neue EU-Regeln f\u00fcr &#8222;ewige Chemikalien&#8220; &#8211; Was wird nun gelten?"},"content":{"rendered":"<p>\n         Zuerst ver\u00f6ffentlicht am<br \/>\n            21\/08\/2025 &#8211; 9:00 MESZ\n            <\/p>\n<p>          <img decoding=\"async\" class=\"c-ad__placeholder__logo\" src=\"https:\/\/static.euronews.com\/website\/images\/logos\/logo-euronews-stacked-outlined-72x72-grey-9.svg\" width=\"72\" height=\"72\" alt=\"\" loading=\"lazy\"\/><br \/>\n          WERBUNG<\/p>\n<p>Die Europ\u00e4ische Chemikalienagentur (ECHA- f\u00fcr <strong>E<\/strong>*uropean <strong>Ch<\/strong>emicals <strong>A<\/strong>gency*) will so genannte &#8222;forever chemicals&#8220; oder <a href=\"https:\/\/de.euronews.com\/my-europe\/2024\/10\/16\/ewigkeitschemikalien-werden-pfas-in-europa-verboten\" target=\"_blank\" rel=\"noopener\"><strong>&#8222;Chemikalien f\u00fcr die Ewigkeit&#8220;<\/strong><\/a> aus acht neuen Industrie- und Handelssektoren verbannen. Diesen Vorschlag machte die Beh\u00f6rde im Rahmen der seit langem erwarteten \u00dcberarbeitung des wichtigsten EU-Chemikaliengesetzes REACH.<\/p>\n<p>Die erstmals in den 1940er Jahren hergestellten <a href=\"https:\/\/de.euronews.com\/green\/2023\/02\/28\/aufgedeckt-17000-europaische-standorte-mit-pfas-verseucht-wo-ist-es-am-schlimmsten\" target=\"_blank\" rel=\"noopener\"><strong>Per- und Polyfluoralkylsubstanzen (PFAS)<\/strong><\/a> werden wegen ihrer Wasser-, Fett- und Hitzebest\u00e4ndigkeit gesch\u00e4tzt. Sie sind daher in fast allen antihaftbeschichteten Kochgeschirren und in wasserdichter Kleidung bis hin zu Halbleitern und Feuerl\u00f6schsch\u00e4umen unverzichtbar.<\/p>\n<p>Ihre extreme Langlebigkeit in der Umwelt hat ihnen jedoch die Bezeichnung &#8222;Chemikalien f\u00fcr die Ewigkeit&#8220; eingebracht. Studien verbinden PFAS mit schwerwiegenden Gesundheitssch\u00e4den, darunter Lebererkrankungen, hormonelle St\u00f6rungen und bestimmte Krebsarten. PFAS wurden <a href=\"https:\/\/de.euronews.com\/my-europe\/2025\/04\/24\/tfa-ewiger-schadstoff-in-europaischen-weinen-nachgewiesen\" target=\"_blank\" rel=\"noopener\"><strong>im Grundwasser und sogar in Weinen nachgewiesen.<\/strong><\/a> In bestimmten Regionen in Europa wurde <a href=\"https:\/\/de.euronews.com\/green\/2023\/11\/22\/fegaehrliche-eier-frankreich\" target=\"_blank\" rel=\"noopener\"><strong>auch vor Eiern gewarnt<\/strong><\/a><strong>.<\/strong><\/p>\n<p>Ein Vorschlag zur Beschr\u00e4nkung dieser Chemikalien wurde urspr\u00fcnglich im Januar 2023 von Beh\u00f6rden aus f\u00fcnf europ\u00e4ischen L\u00e4ndern &#8211; D\u00e4nemark, Deutschland, den Niederlanden, Norwegen und Schweden &#8211; vorgelegt.<\/p>\n<p>Die L\u00e4ndergruppe der &#8222;Dossiereinreicher&#8220; \u00fcberarbeitete ihren Plan, der sich auf \u00fcber 10.000 PFAS-Stoffe bezieht, nachdem sie mehr als 5.600 Kommentare ausgewertet hatte, die w\u00e4hrend einer \u00f6ffentlichen Konsultation eingegangen waren.<\/p>\n<p><strong>Neue Sektoren in der Pr\u00fcfung<\/strong><\/p>\n<p>Der erweiterte Vorschlag der ECHA deckt nun auch Druck, Dichtungen und Maschinen sowie bestimmte medizinische Produkte wie Prim\u00e4rverpackungen und pharmazeutische Hilfsstoffe ab.<\/p>\n<p>Hinzu kommen die Verwendung beim Milit\u00e4r oder f\u00fcr Sprengstoffe sowie technische Textilien und breitere industrielle Produkte wie L\u00f6sungsmittel und Katalysatoren.<\/p>\n<p>Diese Sektoren reihen sich in eine wachsende Liste von Industriezweigen ein, die von m\u00f6glichen Beschr\u00e4nkungen im Rahmen des weltweit umfassendsten Verbots von PFAS betroffen sein k\u00f6nnten.<\/p>\n<p>Auch wenn der zentrale Punkt des Vorschlags nach wie vor ein umfassendes Verbot ist, hat die ECHA auch flexiblere Regulierungsoptionen gepr\u00fcft.<\/p>\n<p>Dazu geh\u00f6rt, dass die weitere Verwendung von PFAS in bestimmten Branchen (z. B. Elektronik, Energie und Verkehr) erlaubt wird, sofern die Risiken angemessen kontrolliert werden k\u00f6nnen.<\/p>\n<p>Ein weiteres aktualisiertes Dokument, in dem diese Szenarien detailliert beschrieben werden, dient nun als Grundlage f\u00fcr die Stellungnahmen der wissenschaftlichen Aussch\u00fcsse der ECHA, die den Plan weiter verfeinern k\u00f6nnen.<\/p>\n<p><strong>Der Weg zum Ausstieg aus den PFAS<\/strong><\/p>\n<p>Das endg\u00fcltige Ziel ist ein nahezu vollst\u00e4ndiger Ausstieg mit zeitlich begrenzten Ausnahmeregelungen f\u00fcr wichtige Produkte in den Bereichen Gesundheit, Verteidigung und Hochtechnologie, f\u00fcr die es derzeit keine Alternativen gibt.<\/p>\n<p>Die umfassende \u00dcberarbeitung der Chemikalienverordnung REACH (Registration, Evaluation, Authorisation and Restriction of Chemicals) wird f\u00fcr Dezember 2025 erwartet. Dann will die Europ\u00e4ische Kommission einen formellen Gesetzesvorschlag vorlegen, der die Weichen f\u00fcr die europ\u00e4ische Chemikalienpolitik in den kommenden Jahrzehnten stellt.<\/p>\n<p>Es wird erwartet, dass diese \u00dcberarbeitung die EU-Vorschriften modernisiert und vereinfacht und \u00c4nderungen wie eine zeitlich begrenzte G\u00fcltigkeit der Registrierung, obligatorische Aktualisierungen der Dossiers, digitale Sicherheit und strengere Ma\u00dfnahmen zur Durchsetzung einf\u00fchrt.<\/p>\n<p>Erste Entw\u00fcrfe wurden im April 2025 an nationale Sachverst\u00e4ndige weitergegeben, was die letzte Phase der internen Konsultation markiert.<\/p>\n<p>Die Kommission hat bereits mehrfach best\u00e4tigt, dass die \u00dcberarbeitung von REACH Bestimmungen zur Kl\u00e4rung der Regulierung von PFAS enthalten sollte, obwohl eine allgemeine Beschr\u00e4nkung voraussichtlich separat folgen wird.<\/p>\n<p>Parallel dazu werden spezifische Ma\u00dfnahmen, wie z. B. das bestehende Verbot von PFAS in Schaumstoffen zur Brandbek\u00e4mpfung, innerhalb des derzeitigen Rechtsrahmens weiter vorangetrieben.<\/p>\n<p>Der aktualisierte ECHA-Vorschlag ist ein entscheidender Schritt auf dem Weg zu einer der bedeutendsten Bem\u00fchungen zur Regulierung von Chemikalien in der Geschichte Europas.<\/p>\n","protected":false},"excerpt":{"rendered":"Zuerst ver\u00f6ffentlicht am 21\/08\/2025 &#8211; 9:00 MESZ WERBUNG Die Europ\u00e4ische Chemikalienagentur (ECHA- f\u00fcr E*uropean Chemicals Agency*) will so&hellip;\n","protected":false},"author":2,"featured_media":361411,"comment_status":"","ping_status":"","sticky":false,"template":"","format":"standard","meta":{"footnotes":""},"categories":[3933],"tags":[331,332,14195,548,663,9865,158,3934,3935,141,13,14,15,99473,12],"class_list":{"0":"post-361410","1":"post","2":"type-post","3":"status-publish","4":"format-standard","5":"has-post-thumbnail","7":"category-eu","8":"tag-aktuelle-nachrichten","9":"tag-aktuelle-news","10":"tag-chemikalien","11":"tag-eu","12":"tag-europa","13":"tag-europaeische-kommission","14":"tag-europaeische-union","15":"tag-europe","16":"tag-european-union","17":"tag-gesundheit","18":"tag-headlines","19":"tag-nachrichten","20":"tag-news","21":"tag-rohstoffe-fuer-die-industrie","22":"tag-schlagzeilen"},"share_on_mastodon":{"url":"https:\/\/pubeurope.com\/@de\/115065775991767716","error":""},"_links":{"self":[{"href":"https:\/\/www.europesays.com\/de\/wp-json\/wp\/v2\/posts\/361410","targetHints":{"allow":["GET"]}}],"collection":[{"href":"https:\/\/www.europesays.com\/de\/wp-json\/wp\/v2\/posts"}],"about":[{"href":"https:\/\/www.europesays.com\/de\/wp-json\/wp\/v2\/types\/post"}],"author":[{"embeddable":true,"href":"https:\/\/www.europesays.com\/de\/wp-json\/wp\/v2\/users\/2"}],"replies":[{"embeddable":true,"href":"https:\/\/www.europesays.com\/de\/wp-json\/wp\/v2\/comments?post=361410"}],"version-history":[{"count":0,"href":"https:\/\/www.europesays.com\/de\/wp-json\/wp\/v2\/posts\/361410\/revisions"}],"wp:featuredmedia":[{"embeddable":true,"href":"https:\/\/www.europesays.com\/de\/wp-json\/wp\/v2\/media\/361411"}],"wp:attachment":[{"href":"https:\/\/www.europesays.com\/de\/wp-json\/wp\/v2\/media?parent=361410"}],"wp:term":[{"taxonomy":"category","embeddable":true,"href":"https:\/\/www.europesays.com\/de\/wp-json\/wp\/v2\/categories?post=361410"},{"taxonomy":"post_tag","embeddable":true,"href":"https:\/\/www.europesays.com\/de\/wp-json\/wp\/v2\/tags?post=361410"}],"curies":[{"name":"wp","href":"https:\/\/api.w.org\/{rel}","templated":true}]}}