{"id":361412,"date":"2025-08-21T08:19:17","date_gmt":"2025-08-21T08:19:17","guid":{"rendered":"https:\/\/www.europesays.com\/de\/361412\/"},"modified":"2025-08-21T08:19:17","modified_gmt":"2025-08-21T08:19:17","slug":"vance-besucht-nationalgarde-protest-gegen-einsatz-in-washington-d-c","status":"publish","type":"post","link":"https:\/\/www.europesays.com\/de\/361412\/","title":{"rendered":"Vance besucht Nationalgarde &#8211; Protest gegen Einsatz in Washington D.C."},"content":{"rendered":"<p class=\"metatextline\">Stand: 21.08.2025 07:51 Uhr<\/p>\n<p class=\"textabsatz columns twelve  m-ten  m-offset-one l-eight l-offset-two\">\n        <strong>US-Vizepr\u00e4sident Vance hat die Nationalgarde in Washington besucht. Die Soldaten sollen dort gegen die angeblich massive Kriminalit\u00e4t vorgehen. Doch gegen den Einsatz gibt es auch Protest.<\/strong>\n    <\/p>\n<p class=\"textabsatz m-ten m-offset-one l-eight l-offset-two columns twelve\">\nSeit knapp anderthalb Wochen ist die Nationalgarde in der US-Bundeshauptstadt Washington. im Einsatz. Am Mittwoch besuchte Vizepr\u00e4sident JD Vance gemeinsam mit Verteidigungsminister Pete Hegseth und dem stellvertretenden Stabschef des Wei\u00dfen Hauses, Stephen Miller, Soldaten der Garde und lobte deren Engagement f\u00fcr die Sicherheit der Metropole. Doch am Rande des Besuchs im Hauptbahnhof Union Station wurde auch der Unmut von Bewohnerinnen und Bewohnern deutlich.<\/p>\n<p class=\"textabsatz m-ten m-offset-one l-eight l-offset-two columns twelve\">\nNeun Tage sei die Nationalgarde in Washington D.C. im Einsatz und habe bereits viel erreicht, bilanzierte Vance. Trotzdem leide die Stadt nach wie vor unter &#8222;einem schrecklichen Kriminalit\u00e4tsproblem&#8220;, sie sei &#8222;eine der gewaltt\u00e4tigsten St\u00e4dte der ganzen Welt&#8220;, mahnte der Vizepr\u00e4sident. Daher schloss er auch nicht aus, dass der zun\u00e4chst auf 30 Tage ausgelegte Einsatz der Nationalgarde nochmals verl\u00e4ngert werde. Und er k\u00f6nne als &#8222;Testfall&#8220; f\u00fcr andere St\u00e4dte in den USA dienen.<\/p>\n<p>    Vance spielt Protest herunter<\/p>\n<p class=\"textabsatz m-ten m-offset-one l-eight l-offset-two columns twelve\">\nDoch der Einsatz der Nationalgarde trifft auch auf scharfe Kritik. Wiederholt hatte es Proteste von Bewohnerinnen und Bewohnern der Stadt gegen die Pr\u00e4senz der Soldaten gegeben. Auch am Rande des Besuchs in der Union Station versammelte sich eine Gruppe Protestierender und skandierte unter anderem &#8222;Free D.C.&#8220;, &#8222;befreit D.C.&#8220;.<\/p>\n<p class=\"textabsatz m-ten m-offset-one l-eight l-offset-two columns twelve\">\nKritiker werfen der US-Regierung unter Pr\u00e4sident Donald Trump vor, mit der aus ihrer Sicht martialischen Pr\u00e4senz lediglich St\u00e4rke demonstrieren und damit von innenpolitischen Problemen ablenken zu wollen. Zugleich gibt es Stimmen, die zwar ein h\u00e4rteres Vorgehen bef\u00fcrworten, jedoch bem\u00e4ngeln, dass die Soldaten vor allem an symboltr\u00e4chtigen Orten wie der National Mall eingesetzt werden &#8211; und nicht dort, wo die Kriminalit\u00e4t statistisch am h\u00f6chsten ist.<\/p>\n<p class=\"textabsatz m-ten m-offset-one l-eight l-offset-two columns twelve\">\nVance tat den Protest ab, sprach von einer Gruppe &#8222;verr\u00fcckter Demonstranten&#8220;. Und auch Miller begegnete der Kritik mit Hohn. &#8222;Wir werden diese dummen wei\u00dfen Hippies ignorieren, die alle nach Hause gehen und ein Nickerchen machen sollten, weil sie alle \u00fcber 90 Jahre alt sind. Und wir werden uns wieder der Aufgabe widmen, das amerikanische Volk und die B\u00fcrger zu sch\u00fctzen&#8220;, zitierte die Washington Post den stellvertretenden Stabschef.<\/p>\n<p class=\"absatzbild__info__text\">\n                        &#8222;Befreit D.C.&#8220; &#8211; unter den Bewohnerinnen und Bewohnern der Metropole gibt es Widerstand gegen den Einsatz der Nationalgarde.\n                    <\/p>\n<p>    Statistiken widersprechen Trumps Aussagen zu Kriminalit\u00e4t<\/p>\n<p class=\"textabsatz m-ten m-offset-one l-eight l-offset-two columns twelve\">\nAm 11. August hatte Trump per Dekret angeordnet, die Polizei in Washington. D.C. unter die Kontrolle des Justizministeriums zu stellen und zudem den Einsatz der Nationalgarde angeordnet. Anders als in den Bundesstaaten, in denen der Gouverneur \u00fcber den Einsatz der Nationalgarde entscheidet, untersteht die Truppe in der Hauptstadt Washington direkt dem Pr\u00e4sidenten.<\/p>\n<p class=\"textabsatz m-ten m-offset-one l-eight l-offset-two columns twelve\">\nDerzeit sind etwa 800 Soldaten der Nationalgarde in Washington D.C. stationiert. Sie werden derzeit durch 1.200 weitere Kr\u00e4fte aus den Bundesstaaten Ohio, Louisiana, Mississippi, South Carolina, Tennessee und West Virginia verst\u00e4rkt. Die Soldaten patrouillieren unter anderem um das Wei\u00dfe Haus herum und auf der von Touristen bev\u00f6lkerten Mall zwischen Kongress und Lincoln-Denkmal sowie in Bahnh\u00f6fen und Metro-Stationen.<\/p>\n<p class=\"textabsatz m-ten m-offset-one l-eight l-offset-two columns twelve\">\nTrump hatte den Einsatz mit einem &#8222;Sicherheitsnotstand&#8220; und der massiven Kriminalit\u00e4t in der Metropole begr\u00fcndet. Dem widersprach Washingtons B\u00fcrgermeisterin Muriel Bowser. Ihr zufolge hat die Kriminalit\u00e4tsrate ein 30-Jahres-Tief erreicht. Statistiken der \u00f6rtlichen Polizei zeigen einen deutlichen R\u00fcckgang von Gewaltverbrechen zwischen 2023 und 2024, nach einem Anstieg w\u00e4hrend der Corona-Pandemie.<\/p>\n","protected":false},"excerpt":{"rendered":"Stand: 21.08.2025 07:51 Uhr US-Vizepr\u00e4sident Vance hat die Nationalgarde in Washington besucht. Die Soldaten sollen dort gegen die&hellip;\n","protected":false},"author":2,"featured_media":361413,"comment_status":"","ping_status":"","sticky":false,"template":"","format":"standard","meta":{"footnotes":""},"categories":[5],"tags":[331,332,3364,29,30,13,38729,14,47757,15,12,64,401],"class_list":{"0":"post-361412","1":"post","2":"type-post","3":"status-publish","4":"format-standard","5":"has-post-thumbnail","7":"category-nachrichten","8":"tag-aktuelle-nachrichten","9":"tag-aktuelle-news","10":"tag-de","11":"tag-deutschland","12":"tag-germany","13":"tag-headlines","14":"tag-jd-vance","15":"tag-nachrichten","16":"tag-nationalgarde","17":"tag-news","18":"tag-schlagzeilen","19":"tag-usa","20":"tag-washington-d-c"},"share_on_mastodon":{"url":"https:\/\/pubeurope.com\/@de\/115065779939565840","error":""},"_links":{"self":[{"href":"https:\/\/www.europesays.com\/de\/wp-json\/wp\/v2\/posts\/361412","targetHints":{"allow":["GET"]}}],"collection":[{"href":"https:\/\/www.europesays.com\/de\/wp-json\/wp\/v2\/posts"}],"about":[{"href":"https:\/\/www.europesays.com\/de\/wp-json\/wp\/v2\/types\/post"}],"author":[{"embeddable":true,"href":"https:\/\/www.europesays.com\/de\/wp-json\/wp\/v2\/users\/2"}],"replies":[{"embeddable":true,"href":"https:\/\/www.europesays.com\/de\/wp-json\/wp\/v2\/comments?post=361412"}],"version-history":[{"count":0,"href":"https:\/\/www.europesays.com\/de\/wp-json\/wp\/v2\/posts\/361412\/revisions"}],"wp:featuredmedia":[{"embeddable":true,"href":"https:\/\/www.europesays.com\/de\/wp-json\/wp\/v2\/media\/361413"}],"wp:attachment":[{"href":"https:\/\/www.europesays.com\/de\/wp-json\/wp\/v2\/media?parent=361412"}],"wp:term":[{"taxonomy":"category","embeddable":true,"href":"https:\/\/www.europesays.com\/de\/wp-json\/wp\/v2\/categories?post=361412"},{"taxonomy":"post_tag","embeddable":true,"href":"https:\/\/www.europesays.com\/de\/wp-json\/wp\/v2\/tags?post=361412"}],"curies":[{"name":"wp","href":"https:\/\/api.w.org\/{rel}","templated":true}]}}