{"id":361419,"date":"2025-08-21T08:23:10","date_gmt":"2025-08-21T08:23:10","guid":{"rendered":"https:\/\/www.europesays.com\/de\/361419\/"},"modified":"2025-08-21T08:23:10","modified_gmt":"2025-08-21T08:23:10","slug":"duisburg-krankenhausfusion-sana-kliniken-uebernehmen-bethesda","status":"publish","type":"post","link":"https:\/\/www.europesays.com\/de\/361419\/","title":{"rendered":"Duisburg: Krankenhausfusion &#8211; Sana Kliniken \u00fcbernehmen Bethesda"},"content":{"rendered":"<p class=\"text_ohne_einzug richtext text-em-55 !leading-serif mx-6 desktop:mx-0\"> Die Sana Kliniken und das Evangelische Klinikum <a href=\"https:\/\/rp-online.de\/thema\/niederrhein\/\" rel=\"nofollow noopener\" target=\"_blank\">Niederrhein<\/a> (EVKLN) als Tr\u00e4ger des Bethesda-Krankenhauses stellten mit ihrer Fusion die Weichen \u201ef\u00fcr eine langfristig gesicherte station\u00e4re Gesundheitsversorgung in Duisburg\u201c. Das teilten beide H\u00e4user am Donnerstag mit. Damit w\u00fcrden die Mitarbeitenden beider Gesellschaften k\u00fcnftig in einem Krankenhausbetrieb arbeiten und gemeinsam j\u00e4hrlich \u00fcber 120.000 Patientinnen und Patienten versorgen.<\/p>\n","protected":false},"excerpt":{"rendered":"Die Sana Kliniken und das Evangelische Klinikum Niederrhein (EVKLN) als Tr\u00e4ger des Bethesda-Krankenhauses stellten mit ihrer Fusion die&hellip;\n","protected":false},"author":2,"featured_media":361420,"comment_status":"","ping_status":"","sticky":false,"template":"","format":"standard","meta":{"footnotes":""},"categories":[1838],"tags":[17253,3364,29,3715,30,12543,5332,4344,99476,3263,99475,10701,99479,47431,837,45200,66114,99477,1209,32277,99478,17016,5028,99474],"class_list":{"0":"post-361419","1":"post","2":"type-post","3":"status-publish","4":"format-standard","5":"has-post-thumbnail","7":"category-duisburg","8":"tag-bethesda","9":"tag-de","10":"tag-deutschland","11":"tag-duisburg","12":"tag-germany","13":"tag-gesundheitsversorgung","14":"tag-haeuser","15":"tag-kliniken","16":"tag-klinikstandorte","17":"tag-krankenhaus","18":"tag-krankenhausbetrieb","19":"tag-krankenhaeuser","20":"tag-krankenhausplanung","21":"tag-krankenhausreform","22":"tag-medizin","23":"tag-medizinisch","24":"tag-mitarbeitenden","25":"tag-muldentalkliniken","26":"tag-nordrhein-westfalen","27":"tag-sana","28":"tag-spezialmedizin","29":"tag-standort","30":"tag-versorgung","31":"tag-zusammenschluss"},"share_on_mastodon":{"url":"https:\/\/pubeurope.com\/@de\/115065795685273652","error":""},"_links":{"self":[{"href":"https:\/\/www.europesays.com\/de\/wp-json\/wp\/v2\/posts\/361419","targetHints":{"allow":["GET"]}}],"collection":[{"href":"https:\/\/www.europesays.com\/de\/wp-json\/wp\/v2\/posts"}],"about":[{"href":"https:\/\/www.europesays.com\/de\/wp-json\/wp\/v2\/types\/post"}],"author":[{"embeddable":true,"href":"https:\/\/www.europesays.com\/de\/wp-json\/wp\/v2\/users\/2"}],"replies":[{"embeddable":true,"href":"https:\/\/www.europesays.com\/de\/wp-json\/wp\/v2\/comments?post=361419"}],"version-history":[{"count":0,"href":"https:\/\/www.europesays.com\/de\/wp-json\/wp\/v2\/posts\/361419\/revisions"}],"wp:featuredmedia":[{"embeddable":true,"href":"https:\/\/www.europesays.com\/de\/wp-json\/wp\/v2\/media\/361420"}],"wp:attachment":[{"href":"https:\/\/www.europesays.com\/de\/wp-json\/wp\/v2\/media?parent=361419"}],"wp:term":[{"taxonomy":"category","embeddable":true,"href":"https:\/\/www.europesays.com\/de\/wp-json\/wp\/v2\/categories?post=361419"},{"taxonomy":"post_tag","embeddable":true,"href":"https:\/\/www.europesays.com\/de\/wp-json\/wp\/v2\/tags?post=361419"}],"curies":[{"name":"wp","href":"https:\/\/api.w.org\/{rel}","templated":true}]}}