{"id":361421,"date":"2025-08-21T08:24:14","date_gmt":"2025-08-21T08:24:14","guid":{"rendered":"https:\/\/www.europesays.com\/de\/361421\/"},"modified":"2025-08-21T08:24:14","modified_gmt":"2025-08-21T08:24:14","slug":"super-fuers-selbstvertrauen-msv-duisburg-im-pokal-weiter","status":"publish","type":"post","link":"https:\/\/www.europesays.com\/de\/361421\/","title":{"rendered":"&#8222;Super f\u00fcr&#8217;s Selbstvertrauen&#8220; &#8211; MSV Duisburg im Pokal weiter"},"content":{"rendered":"<p>   &#8222;Super f\u00fcr&#8217;s Selbstvertrauen&#8220; &#8211; MSV Duisburg im Pokal weiter &#8211; FuPa                                               <\/p>\n<p>FuPa ben\u00f6tigt JavaScript, um richtig zu funktionieren.<\/p>\n<p> Browser nicht unterst\u00fctzt <\/p>\n<p>  Du verwendest einen veralteten Browser, wodurch die Funktionalit\u00e4t von FuPa eingeschr\u00e4nkt ist und es zu unerwarteten Fehlern kommen kann. Damit du FuPa vollumf\u00e4nglich nutzen kannst und wir dir eine bessere Nutzungserfahrung und mehr Sicherheit auf unserer Anwendung bieten k\u00f6nnen, nutze bitte einen aktuellen Browser.      <img loading=\"lazy\" decoding=\"async\" src=\"https:\/\/www.europesays.com\/de\/wp-content\/uploads\/2025\/08\/vgzm.2780411-3122902.gif\" height=\"1\" width=\"1\" class=\"sc-1wcyr0h-16 hojaCI\"\/>Du wirst automatisch weitergeleitet&#8230;<img fetchpriority=\"high\" decoding=\"async\" loading=\"eager\" src=\"https:\/\/www.europesays.com\/de\/wp-content\/uploads\/2025\/08\/1755764653_91_960x640.jpeg\" alt=\"Conor No\u00df empfahl sich mit einem Doppelpack f\u00fcr mehr.\" title=\"Conor No\u00df empfahl sich mit einem Doppelpack f\u00fcr mehr.\" width=\"960\" height=\"640\" class=\"sc-wadapo-3 klmthQ mui-style-2vfs2l\"\/>Conor No\u00df empfahl sich mit einem Doppelpack f\u00fcr mehr. \u2013 Foto: Robin Bogaletzki<a data-google-interstitial=\"false\" target=\"_blank\" href=\"https:\/\/rp-online.de\" rel=\"noopener\"><img decoding=\"async\" loading=\"eager\" src=\"https:\/\/image.fupa.net\/cobranding-white\/5WaGLwM8E9Sb\/image.svg\" alt=\"\" title=\"\" width=\"400\" height=\"80\" class=\"sc-wadapo-3 ftUxsc\"\/><\/a>Das sagen die Protagonisten nach dem \/.=-Sieg des MSV Duisburg im Niederrheinpokal bei Victoria Mennrath.<\/p>\n<p>Der MSV Duisburg hat die erste H\u00fcrde im Niederrheinpokal gemeistert. Am Mittwochabend setzte sich die Mannschaft mit 7:0 gegen Victoria Mennrath durch und zog souver\u00e4n in die zweite Runde ein. Conor No\u00df traf doppelt f\u00fcr den Spielverein, Leon M\u00fcller feierte nach seiner Verletzung sein Comeback und stand \u00fcber 45 Minuten auf dem Rasen. Das sagen die Spieler und die beiden Trainer nach dem Duell.<\/p>\n<p>Leon M\u00fcller: &#8222;Die 45 Minuten haben einfach Spa\u00df gemacht. Es war ein gutes Gef\u00fchl, dass mein Fu\u00df und die Muskeln gehalten haben. So kann es weitergehen. Die vergangene Verletzung war vollkommen unabh\u00e4ngig von der Verletzung am Sprunggelenk. Ich bin einfach nur froh, dass ich es jetzt hinter mir habe. Ich war genervt, als ich wieder eine Woche nicht trainieren konnte. Ob es schon f\u00fcr Ulm reicht, muss der Trainer entscheiden.&#8220;<\/p>\n<p>Conor No\u00df: &#8222;Wir haben die Aufgabe sehr gut angenommen und hatten Lust, Fu\u00dfball zu spielen. Ich bin froh, dass wir kein Gegentor bekommen haben. Als Mannschaft haben wir uns nicht schwergetan, haben die Tore gemacht und es solide runtergespielt. Nat\u00fcrlich m\u00f6chte ich immer in der Startelf spielen. Da bin ich aber in einem guten Austausch mit dem Trainer und arbeite daf\u00fcr weiter hart. Wenn ich die Chance bekomme, l\u00e4nger zu spielen, dann will ich sie auch nutzen. F\u00fcr das Selbstvertrauen war der Doppelpack heute nat\u00fcrlich super.&#8220;<\/p>\n<p>Dietmar Hirsch (Trainer MSV Duisburg): &#8222;Wir haben es angenommen wie ein Pflichtspiel. In der vergangenen Saison hatten wir auch gegen einen Landesligisten mehr Probleme. Hier war es zur Halbzeit schon entschieden und dementsprechend bin ich sehr zufrieden. Dass uns zu so einem Spiel 1.000 Fans begleiten ist nicht selbstverst\u00e4ndlich. Das hat letztes Jahr in der Regionalliga begonnen. Die Fans haben uns immer super unterst\u00fctzt und wir haben auf dem Platz alles daf\u00fcr gegeben, dass es so bleibt.&#8220;<\/p>\n<p>Marc Trostel (Trainer Victoria Mennrath): &#8222;Ich hatte mir das Ergebnis noch schlimmer vorgestellt. So sch\u00f6n das Spiel jetzt f\u00fcr uns als Verein war, so schwierig wurde es f\u00fcr uns als Mannschaft auf dem Feld. Die zu verteidigenden R\u00e4ume \u00fcber 90 Minuten zuzukriegen war sehr schwierig. Das war mir klar und ich m\u00f6chte meine Jungs loben. So lange die Kraft gereicht hat, haben sie diszipliniert verteidigt. Duisburg hat hintenraus etwas Tempo rausgenommen und das sehr souver\u00e4n zu Ende gespielt. Ich h\u00e4tte mir die ein oder andere Chance gew\u00fcnscht, das ist uns aber leider nicht gelungen.&#8220;<\/p>\n<p>Aufrufe: 021.8.2025, 09:35 Uhr<\/p>\n<p>Marcel EichholzAutor<\/p>\n<p><img decoding=\"async\" loading=\"lazy\" src=\"https:\/\/www.europesays.com\/de\/wp-content\/uploads\/2025\/04\/64x64.jpeg\" alt=\"\" title=\"\" width=\"64\" height=\"64\" class=\"sc-wadapo-3 imUdKn\"\/><\/p>\n","protected":false},"excerpt":{"rendered":"&#8222;Super f\u00fcr&#8217;s Selbstvertrauen&#8220; &#8211; MSV Duisburg im Pokal weiter &#8211; FuPa FuPa ben\u00f6tigt JavaScript, um richtig zu funktionieren.&hellip;\n","protected":false},"author":2,"featured_media":361422,"comment_status":"","ping_status":"","sticky":false,"template":"","format":"standard","meta":{"footnotes":""},"categories":[1838],"tags":[995,3364,29,3715,30,17793,17792,3721,3718,1209,26351],"class_list":{"0":"post-361421","1":"post","2":"type-post","3":"status-publish","4":"format-standard","5":"has-post-thumbnail","7":"category-duisburg","8":"tag-3-liga","9":"tag-de","10":"tag-deutschland","11":"tag-duisburg","12":"tag-germany","13":"tag-gruppe-1","14":"tag-landesliga-niederrhein","15":"tag-msv-duisburg","16":"tag-niederrheinpokal","17":"tag-nordrhein-westfalen","18":"tag-victoria-mennrath"},"share_on_mastodon":{"url":"https:\/\/pubeurope.com\/@de\/115065799680285892","error":""},"_links":{"self":[{"href":"https:\/\/www.europesays.com\/de\/wp-json\/wp\/v2\/posts\/361421","targetHints":{"allow":["GET"]}}],"collection":[{"href":"https:\/\/www.europesays.com\/de\/wp-json\/wp\/v2\/posts"}],"about":[{"href":"https:\/\/www.europesays.com\/de\/wp-json\/wp\/v2\/types\/post"}],"author":[{"embeddable":true,"href":"https:\/\/www.europesays.com\/de\/wp-json\/wp\/v2\/users\/2"}],"replies":[{"embeddable":true,"href":"https:\/\/www.europesays.com\/de\/wp-json\/wp\/v2\/comments?post=361421"}],"version-history":[{"count":0,"href":"https:\/\/www.europesays.com\/de\/wp-json\/wp\/v2\/posts\/361421\/revisions"}],"wp:featuredmedia":[{"embeddable":true,"href":"https:\/\/www.europesays.com\/de\/wp-json\/wp\/v2\/media\/361422"}],"wp:attachment":[{"href":"https:\/\/www.europesays.com\/de\/wp-json\/wp\/v2\/media?parent=361421"}],"wp:term":[{"taxonomy":"category","embeddable":true,"href":"https:\/\/www.europesays.com\/de\/wp-json\/wp\/v2\/categories?post=361421"},{"taxonomy":"post_tag","embeddable":true,"href":"https:\/\/www.europesays.com\/de\/wp-json\/wp\/v2\/tags?post=361421"}],"curies":[{"name":"wp","href":"https:\/\/api.w.org\/{rel}","templated":true}]}}