{"id":361425,"date":"2025-08-21T08:26:14","date_gmt":"2025-08-21T08:26:14","guid":{"rendered":"https:\/\/www.europesays.com\/de\/361425\/"},"modified":"2025-08-21T08:26:14","modified_gmt":"2025-08-21T08:26:14","slug":"henkersteg-wird-monatelang-saniert-bruecke-gesperrt","status":"publish","type":"post","link":"https:\/\/www.europesays.com\/de\/361425\/","title":{"rendered":"Henkersteg wird monatelang saniert \u2013 Br\u00fccke gesperrt"},"content":{"rendered":"<p>Das m\u00fcssen N\u00fcrnberger beachten <\/p>\n<p>Henkersteg wird monatelang saniert \u2013 Br\u00fccke gesperrt<\/p>\n<p>21.08.2025 &#8211; 10:19 UhrLesedauer: 2 Min.<\/p>\n<p><a href=\"#focus-0\" class=\"transition-colors duration-200 focus-within:text-magenta block text-current relative\" data-sctrack=\"FocusGalleryImage.Reference\"><img fetchpriority=\"high\" data-testid=\"Opener.Image\" style=\"--lqipURL:url('https:\/\/images.t-online.de\/2025\/08\/5BDwDEoqENHB\/0x209:4000x2250\/fit-in\/150x0\/filters:blur(25)\/image.jpg')\"   loading=\"eager\" src=\"https:\/\/www.europesays.com\/de\/wp-content\/uploads\/2025\/08\/1755764774_182_image.jpg\" alt=\"imago images 0807422392\" title=\"imago images 0807422392\" width=\"4000\" height=\"2250\" class=\"bg-[url:var(--lqipURL)] bg-cover bg-center flex h-full w-full max-w-full\" decoding=\"async\"\/><img style=\"--width:32;--height:32\" loading=\"lazy\" src=\"https:\/\/www.t-online.de\/s\/paper\/_next\/static\/media\/zoom-in.f7dae02f.svg\" alt=\"Vergr\u00f6\u00dfern des Bildes\" title=\"Vergr\u00f6\u00dfern des Bildes\" class=\"block h-[calc(var(--height)_\/_16_*_1rem)] w-[calc(var(--width)_\/_16_*_1rem)] max-w-none absolute bottom-8 right-8 rounded-4 bg-snow p-8\" decoding=\"async\"\/><\/a><\/p>\n<p>Der historische Henkersteg (Archivbild): Die Br\u00fccke verbindet in der N\u00fcrnberger Altstadt den Unschlittplatz mit dem Tr\u00f6delmarkt. (Quelle: IMAGO\/Ardan Fuessmann)<\/p>\n<p class=\"font-bold text-18 leading-17\">Ab 1. September ist der Henkersteg in N\u00fcrnberg dicht. Die historische Holzbr\u00fccke \u00fcber der Pegnitz wird instand gesetzt. Umleitungen sind eingerichtet.<\/p>\n<p class=\"text-18 leading-17\">Aus Alt mach Neu: Am Montag, 1. September 2025, startet die umfassende Sanierung des Henkerstegs in der Altstadt. Das teilte die Stadt am Mittwoch mit. Bis zum 31. Oktober bleibt die Fu\u00dfg\u00e4ngerbr\u00fccke gesperrt, ebenso der Uferweg zwischen Maxbr\u00fccke und Henkersteg. Wer zum Henkerhaus m\u00f6chte, kann den Weg \u00fcber die Tr\u00f6delmarkt-Insel und die Bratwurstgasse nutzen.<\/p>\n<p class=\"text-18 leading-17\">Vor Ort stehen zwei ausgeschilderte Umleitungsstrecken zur Verf\u00fcgung: Die s\u00fcdliche Route f\u00fchrt rund 300 Meter vom Unschlittplatz \u00fcber die Obere W\u00f6hrdstra\u00dfe und Obere Karlsbr\u00fccke zum Tr\u00f6delmarkt. Die n\u00f6rdliche Umgehung ist mit etwa 350 Metern etwas l\u00e4nger und verl\u00e4uft \u00fcber die Maxbr\u00fccke, um den Weinstadel herum zur Unteren Karlsbr\u00fccke.<\/p>\n<p class=\"text-18 leading-17\">Bereits eine Woche vorher, ab Montag, 25. August, wird am nord\u00f6stlichen Unschlittplatz eine Fl\u00e4che f\u00fcr Baumaterial eingerichtet. Diese bleibt bis Mitte November gesperrt, da parallel auch die Stadtentw\u00e4sserung Leitungen unterhalb der Br\u00fccke erneuert. F\u00fcr Anwohner bleibt ein 1,5 Meter breiter Durchgang erhalten, sodass alle Geb\u00e4ude erreichbar sind.<\/p>\n<p class=\"text-18 leading-17\">Der Henkersteg wurde 1954 errichtet und verbindet den Unschlittplatz mit dem Tr\u00f6delmarkt. Schon 2022 waren Verst\u00e4rkungen notwendig, nun folgt die Hauptsanierung. Die Arbeiten umfassen unter anderem den Austausch schadhafter Bauteile, die Instandsetzung von Stahlverbindungen, eine neue Br\u00fcstungsverkleidung aus L\u00e4rchenholz sowie eine Erh\u00f6hung der Br\u00fcstungsh\u00f6he auf einen Meter \u2013 entsprechend heutiger Vorschriften.<\/p>\n<p class=\"text-18 leading-17\">F\u00fcr die Arbeiten am Pfeilerbereich wird die Pegnitz zeitweise abgesenkt. Ziel ist es, die historische Holzbr\u00fccke dauerhaft zu sichern und zugleich die Optik der originalgetreuen Konstruktion im Stadtbild zu bewahren.<\/p>\n","protected":false},"excerpt":{"rendered":"Das m\u00fcssen N\u00fcrnberger beachten Henkersteg wird monatelang saniert \u2013 Br\u00fccke gesperrt 21.08.2025 &#8211; 10:19 UhrLesedauer: 2 Min. Der&hellip;\n","protected":false},"author":2,"featured_media":361426,"comment_status":"","ping_status":"","sticky":false,"template":"","format":"standard","meta":{"footnotes":""},"categories":[1837],"tags":[772,3364,29,30,99480,31112,3783,99481,4073,87632],"class_list":{"0":"post-361425","1":"post","2":"type-post","3":"status-publish","4":"format-standard","5":"has-post-thumbnail","7":"category-nuernberg","8":"tag-bayern","9":"tag-de","10":"tag-deutschland","11":"tag-germany","12":"tag-henkersteg","13":"tag-holzbruecke","14":"tag-nuernberg","15":"tag-troedelmarkt-insel","16":"tag-umleitung","17":"tag-unschlittplatz"},"share_on_mastodon":{"url":"https:\/\/pubeurope.com\/@de\/115065807569305442","error":""},"_links":{"self":[{"href":"https:\/\/www.europesays.com\/de\/wp-json\/wp\/v2\/posts\/361425","targetHints":{"allow":["GET"]}}],"collection":[{"href":"https:\/\/www.europesays.com\/de\/wp-json\/wp\/v2\/posts"}],"about":[{"href":"https:\/\/www.europesays.com\/de\/wp-json\/wp\/v2\/types\/post"}],"author":[{"embeddable":true,"href":"https:\/\/www.europesays.com\/de\/wp-json\/wp\/v2\/users\/2"}],"replies":[{"embeddable":true,"href":"https:\/\/www.europesays.com\/de\/wp-json\/wp\/v2\/comments?post=361425"}],"version-history":[{"count":0,"href":"https:\/\/www.europesays.com\/de\/wp-json\/wp\/v2\/posts\/361425\/revisions"}],"wp:featuredmedia":[{"embeddable":true,"href":"https:\/\/www.europesays.com\/de\/wp-json\/wp\/v2\/media\/361426"}],"wp:attachment":[{"href":"https:\/\/www.europesays.com\/de\/wp-json\/wp\/v2\/media?parent=361425"}],"wp:term":[{"taxonomy":"category","embeddable":true,"href":"https:\/\/www.europesays.com\/de\/wp-json\/wp\/v2\/categories?post=361425"},{"taxonomy":"post_tag","embeddable":true,"href":"https:\/\/www.europesays.com\/de\/wp-json\/wp\/v2\/tags?post=361425"}],"curies":[{"name":"wp","href":"https:\/\/api.w.org\/{rel}","templated":true}]}}