{"id":361427,"date":"2025-08-21T08:27:15","date_gmt":"2025-08-21T08:27:15","guid":{"rendered":"https:\/\/www.europesays.com\/de\/361427\/"},"modified":"2025-08-21T08:27:15","modified_gmt":"2025-08-21T08:27:15","slug":"pol-h-zeugenaufruf-autofahrer-bei-verkehrsunfall-in-lehrte-schwer-verletzt-wer","status":"publish","type":"post","link":"https:\/\/www.europesays.com\/de\/361427\/","title":{"rendered":"POL-H: Zeugenaufruf: Autofahrer bei Verkehrsunfall in Lehrte schwer verletzt &#8211; Wer &#8230;"},"content":{"rendered":"<p class=\"date\">21.08.2025 \u2013 09:39<\/p>\n<p class=\"customer\">\n                        <a class=\"story-customer\" title=\"weiter zum newsroom von Polizeidirektion Hannover\" href=\"https:\/\/www.presseportal.de\/blaulicht\/nr\/66841\" rel=\"nofollow noopener\" target=\"_blank\">Polizeidirektion Hannover<\/a>\n                    <\/p>\n<p><a data-category=\"citylink-story-view\" data-action=\"click\" data-label=\"Citylink in Meldungsansicht\" class=\"story-city event-trigger\" href=\"https:\/\/www.presseportal.de\/regional\/Hannover\" title=\"News aus Hannover \" rel=\"nofollow noopener\" target=\"_blank\">Hannover<\/a> (ots)<\/p>\n<p>Bei einem Verkehrsunfall in Lehrte ist am Mittwoch, 20.08.2025, ein Autofahrer schwer verletzt worden. Der 18-J\u00e4hrige kam auf der Autobahn (A) 2 von der Fahrbahn ab und kollidierte mit einer Schutzplanke. Die Polizei sucht nun Zeugen des Verkehrsunfalls.<\/p>\n<p>Nach bisherigen Erkenntnissen der Polizei befuhr der 18-j\u00e4hrige Braunschweiger gegen 19:10 Uhr mit seinem VW Beetle die A2 in Richtung Berlin. Im Bereich Lehrte-H\u00e4melerwald kam er aus bislang ungekl\u00e4rter Ursache nach rechts von der Fahrbahn ab, kollidierte mit einer Schutzplanke und besch\u00e4digte die L\u00e4rmschutzwand. Durch den Aufprall wurde das Auto zur\u00fcck auf die Fahrbahn und gegen die Mittelschutzplanke geschleudert. Hinzugerufene Rettungskr\u00e4fte brachten den schwer verletzten 18-J\u00e4hrigen in ein Krankenhaus. Der entstandene Sachschaden wird auf rund 45.000 Euro beziffert.<\/p>\n<p>F\u00fcr die Dauer der Rettungsma\u00dfnahmen und der Verkehrsunfallaufnahme wurde die A2 in Richtung Berlin zeitweise voll gesperrt.<\/p>\n<p>Der Verkehrsunfalldienst Hannover hat die Ermittlungen aufgenommen. Zeugen, die Hinweise zum Unfallgeschehen geben k\u00f6nnen, werden gebeten, sich beim Verkehrsunfalldienst unter der Telefonnummer 0511 109-1888 zu melden. \/pk, pol<\/p>\n<p class=\"contact-headline\">R\u00fcckfragen bitte an:<\/p>\n<p class=\"contact-text\">Polizeidirektion Hannover<br \/>Patrick Kliesch<br \/>Telefon: 0511 109-1040<br \/>E-Mail: <a href=\"https:\/\/www.presseportal.de\/blaulicht\/pm\/66841\/mailto: pressestelle@pd-h.polizei.niedersachsen.de\" class=\"uri-mailto\" rel=\"nofollow noopener\" target=\"_blank\"> pressestelle@pd-h.polizei.niedersachsen.de<\/a><br \/><a target=\"_blank\" class=\"uri-ext outbound\" rel=\"noopener nofollow\" href=\"https:\/\/www.pd-h.polizei-nds.de\">https:\/\/www.pd-h.polizei-nds.de<\/a><\/p>\n<p class=\"originator\">Original-Content von: Polizeidirektion Hannover, \u00fcbermittelt durch news aktuell<\/p>\n","protected":false},"excerpt":{"rendered":"21.08.2025 \u2013 09:39 Polizeidirektion Hannover Hannover (ots) Bei einem Verkehrsunfall in Lehrte ist am Mittwoch, 20.08.2025, ein Autofahrer&hellip;\n","protected":false},"author":2,"featured_media":320445,"comment_status":"","ping_status":"","sticky":false,"template":"","format":"standard","meta":{"footnotes":""},"categories":[1836],"tags":[3364,29,30,46,177,5404,1411,121,178,180,179,181],"class_list":{"0":"post-361427","1":"post","2":"type-post","3":"status-publish","4":"format-standard","5":"has-post-thumbnail","7":"category-hannover","8":"tag-de","9":"tag-deutschland","10":"tag-germany","11":"tag-hannover","12":"tag-kriminalitt","13":"tag-ni","14":"tag-niedersachsen","15":"tag-polizei","16":"tag-presse","17":"tag-pressemeldung","18":"tag-pressemitteilung","19":"tag-pressemitteilungen"},"share_on_mastodon":{"url":"https:\/\/pubeurope.com\/@de\/115065811442958390","error":""},"_links":{"self":[{"href":"https:\/\/www.europesays.com\/de\/wp-json\/wp\/v2\/posts\/361427","targetHints":{"allow":["GET"]}}],"collection":[{"href":"https:\/\/www.europesays.com\/de\/wp-json\/wp\/v2\/posts"}],"about":[{"href":"https:\/\/www.europesays.com\/de\/wp-json\/wp\/v2\/types\/post"}],"author":[{"embeddable":true,"href":"https:\/\/www.europesays.com\/de\/wp-json\/wp\/v2\/users\/2"}],"replies":[{"embeddable":true,"href":"https:\/\/www.europesays.com\/de\/wp-json\/wp\/v2\/comments?post=361427"}],"version-history":[{"count":0,"href":"https:\/\/www.europesays.com\/de\/wp-json\/wp\/v2\/posts\/361427\/revisions"}],"wp:featuredmedia":[{"embeddable":true,"href":"https:\/\/www.europesays.com\/de\/wp-json\/wp\/v2\/media\/320445"}],"wp:attachment":[{"href":"https:\/\/www.europesays.com\/de\/wp-json\/wp\/v2\/media?parent=361427"}],"wp:term":[{"taxonomy":"category","embeddable":true,"href":"https:\/\/www.europesays.com\/de\/wp-json\/wp\/v2\/categories?post=361427"},{"taxonomy":"post_tag","embeddable":true,"href":"https:\/\/www.europesays.com\/de\/wp-json\/wp\/v2\/tags?post=361427"}],"curies":[{"name":"wp","href":"https:\/\/api.w.org\/{rel}","templated":true}]}}