{"id":361494,"date":"2025-08-21T09:03:12","date_gmt":"2025-08-21T09:03:12","guid":{"rendered":"https:\/\/www.europesays.com\/de\/361494\/"},"modified":"2025-08-21T09:03:12","modified_gmt":"2025-08-21T09:03:12","slug":"so-krank-ist-nordrhein-westfalen-von-corona-bis-rsv-welche-atemwegserkrankungen-aktuell-grassieren","status":"publish","type":"post","link":"https:\/\/www.europesays.com\/de\/361494\/","title":{"rendered":"So krank ist Nordrhein-Westfalen: Von Corona bis RSV &#8211; Welche Atemwegserkrankungen aktuell grassieren"},"content":{"rendered":"<p>Nicht nur in der kalten Jahreszeit machen den Menschen in <a href=\"https:\/\/www.news.de\/thema\/nordrhein-westfalen\/1\/\" rel=\"nofollow noopener\" target=\"_blank\"><strong>Nordrhein-Westfalen<\/strong><\/a> Husten, Schnupfen oder Halsschmerzen zu schaffen. Doch nicht jede Atemwegserkrankung ist gleich: \u00c4rztinnen und \u00c4rzte unterscheiden zwischen akuten Atemwegserkrankungen, <a href=\"https:\/\/www.news.de\/thema\/grippe\/1\/\" rel=\"nofollow noopener\" target=\"_blank\"><strong>grippe<\/strong><\/a>\u00e4hnlichen Erkrankungen, der &#8222;echten&#8220; Grippe (Influenza) und Erk\u00e4ltungen sowie zwischen weiteren Infektionen wie dem Respiratorischen Synzytialvirus (RSV) und dem <a href=\"https:\/\/www.news.de\/thema\/coronavirus\/1\/\" rel=\"nofollow noopener\" target=\"_blank\"><strong>Coronavirus<\/strong><\/a> (SARS-CoV-2). Wie diese Erkrankungen aktuell in Nordrhein-Westfalen verbreitet sind, zeigen <a href=\"https:\/\/influenza.rki.de\/Diagrams.aspx?agiRegion=7\" target=\"_blank\" rel=\"nofollow noopener\"><strong>die neuesten regionalen Daten des Robert Koch-Instituts (RKI)<\/strong><\/a>.<\/p>\n<p>Corona in Nordrhein-Westfalen: 7-Tage-Inzidenz von 1,1<\/p>\n<p>Corona, oder COVID-19, bleibt auch nach der Pandemie eine verbreitete Atemwegserkrankung. Die <a href=\"https:\/\/www.news.de\/thema\/infektion\/1\/\" rel=\"nofollow noopener\" target=\"_blank\"><strong>Infektion<\/strong><\/a> wird durch das SARS-CoV-2-<a href=\"https:\/\/www.news.de\/thema\/virus\/1\/\" rel=\"nofollow noopener\" target=\"_blank\"><strong>Virus<\/strong><\/a> hervorgerufen und kann zu Fieber, Husten und Atembeschwerden f\u00fchren. In der vergangenen Woche gab es <strong>in Nordrhein-Westfalen 207 neue Corona-F\u00e4lle<\/strong>. Mit 3,3 ist die h\u00f6chste Corona-7-Tage-Inzidenz in der Altersgruppe der 00-04-J\u00e4hrigen festzustellen. \u00dcber alle Altersklassen hinweg liegt die Corona-7-Tage-Inzidenz in Nordrhein-Westfalen aktuell bei 1,1 pro 100.000 Einwohnerinnen und Einwohner (Stand: 20.08.2025). Seit Beginn der Pandemie wurden 8.209.025 laborbest\u00e4tigte Corona-F\u00e4lle in Nordrhein-Westfalen gemeldet.  <\/p>\n<tr>Altersgruppe7-Tage-Inzidenzneue F\u00e4lle letzte 7 TageCorona-F\u00e4lle gesamt in NRW<\/tr>\n<tr>\n<td>00-04<\/td>\n<td>3,3<\/td>\n<td>29<\/td>\n<td>218.735<\/td>\n<\/tr>\n<tr>\n<td>05-14<\/td>\n<td>0,1<\/td>\n<td>1<\/td>\n<td>905.035<\/td>\n<\/tr>\n<tr>\n<td>15-34<\/td>\n<td>0,8<\/td>\n<td>35<\/td>\n<td>2.431.517<\/td>\n<\/tr>\n<tr>\n<td>35-59<\/td>\n<td>0,7<\/td>\n<td>45<\/td>\n<td>3.148.791<\/td>\n<\/tr>\n<tr>\n<td>60-79<\/td>\n<td>1,4<\/td>\n<td>56<\/td>\n<td>1.115.644<\/td>\n<\/tr>\n<tr>\n<td>80+<\/td>\n<td>3,2<\/td>\n<td>41<\/td>\n<td>383.729<\/td>\n<\/tr>\n<tr>\n<td>00+<\/td>\n<td>1,1<\/td>\n<td>207<\/td>\n<td>8.209.025<\/td>\n<\/tr>\n<p>Grippe in Nordrhein-Westfalen: 14 neue Influenza-F\u00e4lle<\/p>\n<p>Die &#8222;echte&#8220; Grippe (Influenza) wird durch das Influenzavirus verursacht und ist oft mit pl\u00f6tzlichem Krankheitsbeginn, hohem Fieber und Gliederschmerzen verbunden. In der KW 32 wurden in Nordrhein-Westfalen 14 neue Grippe-F\u00e4lle registriert. Das entspricht einer Grippe-Inzidenz von 0,08.  <\/p>\n<tr>Altersgruppeneue Grippe-F\u00e4lle letzte KWInfluenza-Inzidenz in NRW<\/tr>\n<tr>\n<td>00-14<\/td>\n<td>5<\/td>\n<td>0,19<\/td>\n<\/tr>\n<tr>\n<td>15-59<\/td>\n<td>7<\/td>\n<td>0,07<\/td>\n<\/tr>\n<tr>\n<td>60+<\/td>\n<td>2<\/td>\n<td>0,04<\/td>\n<\/tr>\n<tr>\n<td>00+<\/td>\n<td>14<\/td>\n<td>0,08<\/td>\n<\/tr>\n<p>Mehr zum Thema: <a title=\"Welche Krankheiten jetzt besonders h\u00e4ufig sind\" target=\"_blank\" href=\"https:\/\/www.news.de\/gesundheit\/858151577\/corona-erkaeltung-rsv-virus-und-grippe-infektionen-aktuell-in-deutschland-2025-entwicklung-der-infektionszahlen-inzidenz-hospitalisierung-und-todesfaelle-fuer-atemwegsinfektionen\/1\/\" rel=\"nofollow noopener\"><strong>Corona, Grippe, RSV in Deutschland: Sind aktuell mehr Menschen als sonst krank?<\/strong><\/a><\/p>\n<p>Akute Atemwegserkrankungen und grippe\u00e4hnliche Erkrankungen in der Mitte (West) Deutschlands<\/p>\n<p>Neben der Verbreitung der &#8222;echten&#8220; Grippe (Influenza) wird auch die Entwicklung der regionalen Fallzahlen f\u00fcr akute Atemwegserkrankungen und grippe\u00e4hnliche Erkrankungen genau beobachtet. Akute Atemwegserkrankungen (kurz: ARE, f\u00fcr akute respiratorische Erkrankung) umfassen laut der <a href=\"https:\/\/www.rki.de\/DE\/Content\/Infekt\/Sentinel\/Grippeweb\/grippeweb_erlauterung_node.html#doc15368444bodyText4\" target=\"_blank\" rel=\"nofollow noopener\"><strong>Definition des Robert-Koch-Instituts<\/strong><\/a> alle neu aufgetretenen Atemwegserkrankungen, die mit Halsschmerzen, Husten oder Fieber einhergehen Eine grippe\u00e4hnliche Erkrankung (kurz: ILI, f\u00fcr engl. influenza-like illness) ist eine spezifische Form der ARE, bei der &#8211; zus\u00e4tzlich zu Husten oder Halsschmerzen &#8211; in jedem Fall Fieber auftritt.   <\/p>\n<p>In der folgenden \u00dcbersicht werden die ARE- und ILI-Zahlen der 32. Kalenderwoche f\u00fcr die deutsche Gro\u00dfregion Mitte (West) dargestellt und mit der durchschnittlichen Inzidenz Deutschlands verglichen.  <\/p>\n<tr>KW 32\/2025Region Mitte (West)Deutschland gesamt<\/tr>\n<tr>\n<td><strong>Atemwegserkrankungen<\/strong> je 100.000 Einw.<\/td>\n<td>2.400 (Vorwoche: 3.600)<\/td>\n<td>3.500<\/td>\n<\/tr>\n<tr>\n<td><strong>Grippe\u00e4hnliche Erkrankungen<\/strong> je 100.000 Einw.<\/td>\n<td>300 (Vorwoche: 800)<\/td>\n<td>500<\/td>\n<\/tr>\n<p>Die gesch\u00e4tzte w\u00f6chentliche Inzidenz akuter Atemwegserkrankungen der Gro\u00dfregion Mitte (West), zu der auch Nordrhein-Westfalen geh\u00f6rt, betr\u00e4gt f\u00fcr die 32. Kalenderwoche 2.400 pro 100.000 Einwohnerinnen und Einwohner. Sie ist im Vergleich zur Vorwoche gesunken (Vorwoche: 3.600) und liegt unter dem bundesweiten Durchschnitt von 3.500. F\u00fcr grippe\u00e4hnliche Erkrankungen wird aktuell eine Inzidenz von 300 pro 100.000 Einwohnerinnen und Einwohner gesch\u00e4tzt. Dieser Wert ist im Vergleich zur Vorwoche gesunken (Vorwoche: 800). Wie schon bei den Atemwegserkrankungen der Region Mitte (West) liegen die Werte auch f\u00fcr die grippe\u00e4hnlichen Erkrankungen unter der f\u00fcr Deutschland gesch\u00e4tzten durchschnittlichen Inzidenz von 500.  <\/p>\n<p>Die gesch\u00e4tzten Inzidenzen f\u00fcr die Bev\u00f6lkerung in Deutschland basieren auf den Angaben von Personen, die freiwillig bei dem <a href=\"https:\/\/www.rki.de\/DE\/Content\/Infekt\/Sentinel\/Grippeweb\/grippeweb_erlauterung_node.html\" target=\"_blank\" rel=\"nofollow noopener\"><strong>RKI-Online-Portal GrippeWeb<\/strong><\/a> registriert sind und regelm\u00e4\u00dfig Auskunft \u00fcber ihren Gesundheitszustand geben. In der Kalenderwoche 32\/2025 haben insgesamt 2.877 Teilnehmende aus der Region Mitte (West) ihre Daten gemeldet. Die bundesweiten Zahlen basieren auf Meldungen von 8.112 Personen. Es handelt sich hierbei um Selbstausk\u00fcnfte und nicht um laborbest\u00e4tigte Befunde.  <\/p>\n<p>Keine neuen RSV-F\u00e4lle in Nordrhein-Westfalen<\/p>\n<p>Das Respiratorische Synzytial-Virus (RSV) ist ein weltweit verbreiteter Erreger von Atemwegserkrankungen, der in jedem Lebensalter auftreten kann. Besonders gef\u00e4hrdet f\u00fcr schwere Verl\u00e4ufe sind S\u00e4uglinge, Fr\u00fchgeborene, Kleinkinder und \u00e4ltere Erwachsene. In der 33. Kalenderwoche gab es keine neuen RSV-F\u00e4lle in Nordrhein-Westfalen. Die RSV-Inzidenz liegt hier aktuell bei 0 laborbest\u00e4tigten RSV-F\u00e4llen je 100.000 Einwohnerinnen und Einwohner.  <\/p>\n<p>Die h\u00f6chste RSV-Inzidenz des laufenden Jahres wurde in Nordrhein-Westfalen in der Kalenderwoche 09\/2025 erreicht, als innerhalb einer Woche 1.051 neue RSV-F\u00e4lle registriert wurden. Dies entspricht einer RSV-Inzidenz von 5,79 F\u00e4llen pro 100.000 Einwohnerinnen und Einwohner.  <\/p>\n<tr>Kalenderwocheneue RSV-F\u00e4lleRSV-Inzidenz in NRW<\/tr>\n<tr>\n<td>33\/2025<\/td>\n<td>0<\/td>\n<td>0<\/td>\n<\/tr>\n<tr>\n<td>32\/2025<\/td>\n<td>0<\/td>\n<td>0<\/td>\n<\/tr>\n<tr>\n<td>31\/2025<\/td>\n<td>0<\/td>\n<td>0<\/td>\n<\/tr>\n<tr>\n<td>30\/2025<\/td>\n<td>0<\/td>\n<td>0<\/td>\n<\/tr>\n<tr>\n<td>29\/2025<\/td>\n<td>1<\/td>\n<td>0,01<\/td>\n<\/tr>\n<p>+++ Redaktioneller Hinweis: Diese Meldung wurde basierend auf aktuellen Daten des Robert-Koch-Instituts (RKI) erstellt und wird t\u00e4glich datengetrieben aktualisiert. Bei Anmerkungen oder R\u00fcckfragen wenden Sie sich bitte an hinweis@news.de. +++  <\/p>\n<p>Folgen Sie <a href=\"https:\/\/news.de\/\" rel=\"nofollow noopener\" target=\"_blank\"><strong>News.de<\/strong><\/a> schon bei <a href=\"https:\/\/www.whatsapp.com\/channel\/0029Va8YJU64dTnSU80eqh2b\" rel=\"nofollow noopener\" target=\"_blank\"><strong>WhatsApp<\/strong><\/a>, <a href=\"https:\/\/www.facebook.com\/News.de\" rel=\"nofollow noopener\" target=\"_blank\"><strong>Facebook<\/strong><\/a>, <a href=\"https:\/\/twitter.com\/news_de\" rel=\"nofollow noopener\" target=\"_blank\"><strong>Twitter (X)<\/strong><\/a>, <a href=\"https:\/\/www.pinterest.de\/newsde\/\" rel=\"nofollow noopener\" target=\"_blank\"><strong>Pinterest<\/strong><\/a> und <a href=\"https:\/\/www.youtube.com\/channel\/UCOzsvCb0KteNrzUboTonVYA\" rel=\"nofollow noopener\" target=\"_blank\"><strong>YouTube<\/strong><\/a>? Hier finden Sie brandhei\u00dfe News, aktuelle Videos und den direkten Draht zur Redaktion.  <\/p>\n<p><a href=\"https:\/\/www.news.de\/autor\/Sarah+Knauth\/\" rel=\"author nofollow noopener\" target=\"_blank\">kns<\/a>\/roj\/news.de<\/p>\n<p>                    <script async src=\"https:\/\/platform.twitter.com\/widgets.js\" charset=\"utf-8\"><\/script><\/p>\n","protected":false},"excerpt":{"rendered":"Nicht nur in der kalten Jahreszeit machen den Menschen in Nordrhein-Westfalen Husten, Schnupfen oder Halsschmerzen zu schaffen. Doch&hellip;\n","protected":false},"author":2,"featured_media":361495,"comment_status":"","ping_status":"","sticky":false,"template":"","format":"standard","meta":{"footnotes":""},"categories":[137],"tags":[29,30,141,232],"class_list":{"0":"post-361494","1":"post","2":"type-post","3":"status-publish","4":"format-standard","5":"has-post-thumbnail","7":"category-gesundheit","8":"tag-deutschland","9":"tag-germany","10":"tag-gesundheit","11":"tag-health"},"share_on_mastodon":{"url":"https:\/\/pubeurope.com\/@de\/115065954287030612","error":""},"_links":{"self":[{"href":"https:\/\/www.europesays.com\/de\/wp-json\/wp\/v2\/posts\/361494","targetHints":{"allow":["GET"]}}],"collection":[{"href":"https:\/\/www.europesays.com\/de\/wp-json\/wp\/v2\/posts"}],"about":[{"href":"https:\/\/www.europesays.com\/de\/wp-json\/wp\/v2\/types\/post"}],"author":[{"embeddable":true,"href":"https:\/\/www.europesays.com\/de\/wp-json\/wp\/v2\/users\/2"}],"replies":[{"embeddable":true,"href":"https:\/\/www.europesays.com\/de\/wp-json\/wp\/v2\/comments?post=361494"}],"version-history":[{"count":0,"href":"https:\/\/www.europesays.com\/de\/wp-json\/wp\/v2\/posts\/361494\/revisions"}],"wp:featuredmedia":[{"embeddable":true,"href":"https:\/\/www.europesays.com\/de\/wp-json\/wp\/v2\/media\/361495"}],"wp:attachment":[{"href":"https:\/\/www.europesays.com\/de\/wp-json\/wp\/v2\/media?parent=361494"}],"wp:term":[{"taxonomy":"category","embeddable":true,"href":"https:\/\/www.europesays.com\/de\/wp-json\/wp\/v2\/categories?post=361494"},{"taxonomy":"post_tag","embeddable":true,"href":"https:\/\/www.europesays.com\/de\/wp-json\/wp\/v2\/tags?post=361494"}],"curies":[{"name":"wp","href":"https:\/\/api.w.org\/{rel}","templated":true}]}}