{"id":361588,"date":"2025-08-21T09:56:19","date_gmt":"2025-08-21T09:56:19","guid":{"rendered":"https:\/\/www.europesays.com\/de\/361588\/"},"modified":"2025-08-21T09:56:19","modified_gmt":"2025-08-21T09:56:19","slug":"viele-hinweise-nach-xy-sendung-mit-brutalem-raub","status":"publish","type":"post","link":"https:\/\/www.europesays.com\/de\/361588\/","title":{"rendered":"Viele Hinweise nach \u201eXY\u201c-Sendung mit brutalem Raub"},"content":{"rendered":"<p class=\"expressive-copy-lg-body\">Ein bislang <a href=\"https:\/\/www.waz.de\/lokales\/essen\/article409774537\/tv-aktenzeichen-xy-sucht-essener-raeuber-mit-roboterstimme.html\" data-category-full-path=\"https:\/\/www.waz.de\/lokales\/essen\/\" data-paid-status=\"default\" data-article-publish-date=\"1755511066\" rel=\"nofollow noopener\" target=\"_blank\">nicht aufgekl\u00e4rter Raub auf einen Supermarkt im Essener Stadtteil Bedingrade<\/a> hat jetzt eine neue Chance, gel\u00f6st zu werden. Der Fall liegt l\u00e4nger als zwei Jahre zur\u00fcck, spielte sich im Juli 2023 ab und wurde am Mittwoch (20. August) in der ZDF-Sendung \u201eAktenzeichen XY\u201c vorgestellt. Nach der bundesweiten Ausstrahlung sind bis Donnerstag Morgen rund 50 Hinweise eingegangen, berichtete Polizeisprecher Hendrik Heyer, das sei \u201eungew\u00f6hnlich viel\u201c. Unter den Hinweisen seien auch zahlreiche Tipps, die neue Hoffnung g\u00e4ben, dass der Raub bald aufgekl\u00e4rt werden k\u00f6nne.<\/p>\n<p>Die Tat spielte sich um 7 Uhr morgens ab<\/p>\n<p class=\"expressive-copy-lg-body\">Mit einem aufw\u00e4ndig gedrehten Film wurde im Fernsehen das Verbrechen eindrucksvoll geschildert:  Ein unbekannter Mann, bewaffnet mit einem Revolver, \u00fcberfiel im Juli 2023 einen \u201eNetto\u201c-Markt, zwang zwei Angestellte in den Tresorraum und stopfte sich Bargeld in seinen Rucksack. Der Vorgang spielte sich morgens um sieben Uhr ab, der Markt hatte gerade erst ge\u00f6ffnet.<\/p>\n<p class=\"expressive-copy-lg-body\"><strong>Lesen Sie auch:<\/strong><\/p>\n<p>    <img decoding=\"async\" src=\"https:\/\/www.europesays.com\/de\/wp-content\/uploads\/2025\/08\/405563829_1705588699_v16_9_1200.jpeg\" class=\"block w-full object-cover relative z-10 aspect-[16\/9] \" alt=\"Das Foto des T\u00e4ters, das die Polizei zur Fahndung benutzt, wurde heimlich von einer Angestellten gemacht. \" title=\"Das Foto des T\u00e4ters, das die Polizei zur Fahndung benutzt, wurde heimlich von einer Angestellten gemacht. \" loading=\"lazy\"\/><\/p>\n<p>\n      Das Foto des T\u00e4ters, das die Polizei zur Fahndung benutzt, wurde heimlich von einer Angestellten gemacht.<br \/>\n      \u00a9 Polizei Essen | Polizei Essen\n    <\/p>\n<p class=\"expressive-copy-lg-body\">Das Auff\u00e4lligste am T\u00e4ter: An der rechten Halsseite hat er eine lange Narbe, und seine Stimme klingt wie ein Roboter. Man geht davon aus, dass er eine Stimmprothese benutzt nach einer Kehlkopf-Operation. Es gibt auch ein Foto des T\u00e4ters, das eine Angestellte heimlich mit ihrem Handy gemacht hat; es zeigt den Mann, der einen Teil seiner Beute vom Boden aufklaubt.<\/p>\n<p class=\"expressive-copy-lg-body\"><strong>Essen-Newsletter: <\/strong><a href=\"https:\/\/abo-funkemedien.de\/?k=2025%2FNewsletter_WAZ%2FEssen_WAZ_Landingpage%2F1%2Fwaz\" target=\"_blank\" rel=\"nofollow noopener\">hier abonnieren<\/a> | <strong>Social Media:<\/strong> <a href=\"https:\/\/www.facebook.com\/WAZEssen\" target=\"_blank\" rel=\"nofollow noopener\">Facebook<\/a>, <a href=\"https:\/\/www.instagram.com\/waz_essen\/\" target=\"_blank\" rel=\"nofollow noopener\">Instagram<\/a> &amp; <a href=\"https:\/\/www.whatsapp.com\/channel\/0029VaNmPLK9xVJlCV8WcH2c\" target=\"_blank\" rel=\"nofollow noopener\">WhatsApp<\/a> | <strong>Unsere Schwerpunkte: <\/strong><a href=\"https:\/\/www.waz.de\/staedte\/essen\/blaulicht\/\" target=\"_blank\" rel=\"nofollow noopener\">Polizei- und Feuerwehr<\/a> + <a href=\"https:\/\/www.waz.de\/thema\/innenstadt-einkaufen-essen\/\" target=\"_blank\" rel=\"nofollow noopener\">Innenstadt<\/a> + <a href=\"https:\/\/www.waz.de\/sport\/fussball\/rwe\/\" target=\"_blank\" rel=\"nofollow noopener\">Rot-Weiss Essen<\/a> + <a href=\"https:\/\/www.waz.de\/sport\/lokalsport\/essen\/\" target=\"_blank\" rel=\"nofollow noopener\">Lokalsport<\/a> | <strong>Nachrichten <a href=\"https:\/\/www.waz.de\/lokales\/essen\/\" target=\"_blank\" rel=\"nofollow noopener\">aus ganz Essen<\/a>: <\/strong><a href=\"https:\/\/www.waz.de\/staedte\/essen\/sued\/\" target=\"_blank\" rel=\"nofollow noopener\">S\u00fcd<\/a> + <a href=\"https:\/\/www.waz.de\/staedte\/essen\/ruettenscheid-suedviertel-holsterhausen\/\" target=\"_blank\" rel=\"nofollow noopener\">R\u00fcttenscheid<\/a> + <a href=\"https:\/\/www.waz.de\/staedte\/essen\/nord\/\" target=\"_blank\" rel=\"nofollow noopener\">Nord<\/a> + <a href=\"https:\/\/www.waz.de\/staedte\/essen\/ost\/\" target=\"_blank\" rel=\"nofollow noopener\">Ost<\/a> + <a href=\"https:\/\/www.waz.de\/staedte\/essen\/kettwig-und-werden\/\" target=\"_blank\" rel=\"nofollow noopener\">Kettwig und Werden<\/a> + <a href=\"https:\/\/www.waz.de\/staedte\/essen\/borbeck-und-west\/\" target=\"_blank\" rel=\"nofollow noopener\">Borbeck und West<\/a> +++<\/p>\n<p>  Der T\u00e4ter fl\u00fcchtete mit 2500 Euro Bargeld<\/p>\n<p class=\"expressive-copy-lg-body\">Nach der Ausstrahlung des Films schilderte der Erste Kriminalhauptkommissar Michael Bergmann aus dem Polizeipr\u00e4sidium Essen noch, was den Fall so besonders macht: \u201eWir hatten von Anfang an eine gute Ermittlungslage und gute Spuren\u201c, erkl\u00e4rte der Beamte gegen\u00fcber ZDF-Moderator Rudi Cerne. Um so verwunderlicher sei, warum die Polizei den unbekannten T\u00e4ter immer noch nicht fassen konnte. Und das, obwohl der Fall bereits schon einmal kurz in einer<a href=\"https:\/\/www.waz.de\/staedte\/essen\/article241449508\/Aktenzeichen-XY-bringt-Hinweise-auf-Essener-Revolver-Mann.html\" data-category-full-path=\"\/staedte\/essen\/\" data-paid-status=\"default\" data-article-publish-date=\"1705579955\" target=\"_blank\" rel=\"nofollow noopener\"> XY-Sendung zu sehen war.<\/a><\/p>\n<ul>\n<li>Die <strong>Lokalredaktion Essen<\/strong> ist auch <strong>bei WhatsApp<\/strong>! Abonnieren Sie hier unseren kostenlosen Kanal: <strong><a href=\"https:\/\/www.whatsapp.com\/channel\/0029VaNmPLK9xVJlCV8WcH2c\" target=\"_blank\" rel=\"nofollow noopener\">direkt zum Channel<\/a><\/strong>!<\/li>\n<\/ul>\n<p class=\"expressive-copy-lg-body\">Der unbekannte T\u00e4ter fl\u00fcchtete damals mit rund 2500 Euro Beute. Er fuhr mit einem Fahrrad davon. Er ist etwa 50 Jahre alt, 1,75 Meter gro\u00df, trug ein Kapuzen-Sweatshirt der Marke \u201eJack &amp; Jones\u201c \u2013 vermutlich in der Farbe \u201eTrooper-Grau\u201c. Auf der Brust hatte es ein Stern-Symbol und au\u00dfen herum den Schriftzug \u201eExpedition 1990 Core Trek Official Jack &amp; Jones\u201c. Dazu trug er eine schwarze Schirmm\u00fctze mit wei\u00dfen Streifen, auf der der \u201eMoin Moin\u201c gestanden haben soll.<\/p>\n<p class=\"expressive-copy-lg-body\">Hinweise an 0201 8290.<\/p>\n<p>    <script async src=\"\/\/www.instagram.com\/embed.js\"><\/script><\/p>\n","protected":false},"excerpt":{"rendered":"Ein bislang nicht aufgekl\u00e4rter Raub auf einen Supermarkt im Essener Stadtteil Bedingrade hat jetzt eine neue Chance, gel\u00f6st&hellip;\n","protected":false},"author":2,"featured_media":361589,"comment_status":"","ping_status":"","sticky":false,"template":"","format":"standard","meta":{"footnotes":""},"categories":[1834],"tags":[3364,29,3688,30,1209],"class_list":{"0":"post-361588","1":"post","2":"type-post","3":"status-publish","4":"format-standard","5":"has-post-thumbnail","7":"category-essen","8":"tag-de","9":"tag-deutschland","10":"tag-essen","11":"tag-germany","12":"tag-nordrhein-westfalen"},"share_on_mastodon":{"url":"https:\/\/pubeurope.com\/@de\/115066161424500265","error":""},"_links":{"self":[{"href":"https:\/\/www.europesays.com\/de\/wp-json\/wp\/v2\/posts\/361588","targetHints":{"allow":["GET"]}}],"collection":[{"href":"https:\/\/www.europesays.com\/de\/wp-json\/wp\/v2\/posts"}],"about":[{"href":"https:\/\/www.europesays.com\/de\/wp-json\/wp\/v2\/types\/post"}],"author":[{"embeddable":true,"href":"https:\/\/www.europesays.com\/de\/wp-json\/wp\/v2\/users\/2"}],"replies":[{"embeddable":true,"href":"https:\/\/www.europesays.com\/de\/wp-json\/wp\/v2\/comments?post=361588"}],"version-history":[{"count":0,"href":"https:\/\/www.europesays.com\/de\/wp-json\/wp\/v2\/posts\/361588\/revisions"}],"wp:featuredmedia":[{"embeddable":true,"href":"https:\/\/www.europesays.com\/de\/wp-json\/wp\/v2\/media\/361589"}],"wp:attachment":[{"href":"https:\/\/www.europesays.com\/de\/wp-json\/wp\/v2\/media?parent=361588"}],"wp:term":[{"taxonomy":"category","embeddable":true,"href":"https:\/\/www.europesays.com\/de\/wp-json\/wp\/v2\/categories?post=361588"},{"taxonomy":"post_tag","embeddable":true,"href":"https:\/\/www.europesays.com\/de\/wp-json\/wp\/v2\/tags?post=361588"}],"curies":[{"name":"wp","href":"https:\/\/api.w.org\/{rel}","templated":true}]}}