{"id":361661,"date":"2025-08-21T10:35:34","date_gmt":"2025-08-21T10:35:34","guid":{"rendered":"https:\/\/www.europesays.com\/de\/361661\/"},"modified":"2025-08-21T10:35:34","modified_gmt":"2025-08-21T10:35:34","slug":"was-roger-niessen-fuer-wuerselen-erreichen-will","status":"publish","type":"post","link":"https:\/\/www.europesays.com\/de\/361661\/","title":{"rendered":"Was Roger Nie\u00dfen f\u00fcr W\u00fcrselen erreichen will"},"content":{"rendered":"<p class=\"Paragraph_root__xJSDF Paragraph_default-lg-default__txMNQ articleParagraph\">\u201eKein Ort in W\u00fcrselen ist so pr\u00e4gnant wie dieser\u201c, erkl\u00e4rt B\u00fcrgermeister Roger Nie\u00dfen (CDU), wieso er sich als seinen offiziellen Lieblingsort den Markt ausgesucht hat. Dort liegt St. Sebastian, ist klar, dort beginnt die Kaiserstra\u00dfe, auch klar, aber es ist ja noch mehr. \u201eIch verbinde mit dem Markt viele Kindheitserinnerungen\u201c, sagt Nie\u00dfen. Damals gab es die legend\u00e4re Eisdiele Casal, den nicht minder legend\u00e4ren Jugoslawen Kank, zum Freibad war es nicht weit. Doch so sch\u00f6n die Vergangenheit war: Nie\u00dfen hat den kurzen Fu\u00dfweg vom Morlaixplatz zum Markt zur\u00fcckgelegt, um \u00fcber die Zukunft seiner Heimatstadt zu sprechen. <\/p>\n","protected":false},"excerpt":{"rendered":"\u201eKein Ort in W\u00fcrselen ist so pr\u00e4gnant wie dieser\u201c, erkl\u00e4rt B\u00fcrgermeister Roger Nie\u00dfen (CDU), wieso er sich als&hellip;\n","protected":false},"author":2,"featured_media":361662,"comment_status":"","ping_status":"","sticky":false,"template":"","format":"standard","meta":{"footnotes":""},"categories":[1853],"tags":[1424,3364,29,548,663,3934,30,13,14,15,1209,12],"class_list":{"0":"post-361661","1":"post","2":"type-post","3":"status-publish","4":"format-standard","5":"has-post-thumbnail","7":"category-aachen","8":"tag-aachen","9":"tag-de","10":"tag-deutschland","11":"tag-eu","12":"tag-europa","13":"tag-europe","14":"tag-germany","15":"tag-headlines","16":"tag-nachrichten","17":"tag-news","18":"tag-nordrhein-westfalen","19":"tag-schlagzeilen"},"share_on_mastodon":{"url":"https:\/\/pubeurope.com\/@de\/115066314541063705","error":""},"_links":{"self":[{"href":"https:\/\/www.europesays.com\/de\/wp-json\/wp\/v2\/posts\/361661","targetHints":{"allow":["GET"]}}],"collection":[{"href":"https:\/\/www.europesays.com\/de\/wp-json\/wp\/v2\/posts"}],"about":[{"href":"https:\/\/www.europesays.com\/de\/wp-json\/wp\/v2\/types\/post"}],"author":[{"embeddable":true,"href":"https:\/\/www.europesays.com\/de\/wp-json\/wp\/v2\/users\/2"}],"replies":[{"embeddable":true,"href":"https:\/\/www.europesays.com\/de\/wp-json\/wp\/v2\/comments?post=361661"}],"version-history":[{"count":0,"href":"https:\/\/www.europesays.com\/de\/wp-json\/wp\/v2\/posts\/361661\/revisions"}],"wp:featuredmedia":[{"embeddable":true,"href":"https:\/\/www.europesays.com\/de\/wp-json\/wp\/v2\/media\/361662"}],"wp:attachment":[{"href":"https:\/\/www.europesays.com\/de\/wp-json\/wp\/v2\/media?parent=361661"}],"wp:term":[{"taxonomy":"category","embeddable":true,"href":"https:\/\/www.europesays.com\/de\/wp-json\/wp\/v2\/categories?post=361661"},{"taxonomy":"post_tag","embeddable":true,"href":"https:\/\/www.europesays.com\/de\/wp-json\/wp\/v2\/tags?post=361661"}],"curies":[{"name":"wp","href":"https:\/\/api.w.org\/{rel}","templated":true}]}}