{"id":361721,"date":"2025-08-21T11:27:13","date_gmt":"2025-08-21T11:27:13","guid":{"rendered":"https:\/\/www.europesays.com\/de\/361721\/"},"modified":"2025-08-21T11:27:13","modified_gmt":"2025-08-21T11:27:13","slug":"a59-vollsperrung-endet-frueher-radio-duisburg","status":"publish","type":"post","link":"https:\/\/www.europesays.com\/de\/361721\/","title":{"rendered":"A59-Vollsperrung endet fr\u00fcher &#8211; Radio Duisburg"},"content":{"rendered":"<p class=\"small date article__date\">Ver\u00f6ffentlicht:\u00a0Donnerstag, 21.08.2025 13:24<\/p>\n<p>Gute Nachrichten f\u00fcr Pendler: Die Vollsperrung der A59 zwischen dem Autobahnkreuz Duisburg und der Anschlussstelle Duisburg-Meiderich in Fahrtrichtung Dinslaken wird fr\u00fcher als geplant aufgehoben. Bereits ab Freitag (22.8.) gegen 11 Uhr rollt der Verkehr wieder. Die Autobahn GmbH des Bundes hat mitgeteilt, dass die Bauarbeiten an der Berliner Br\u00fccke schneller als erwartet voranschreiten. Urspr\u00fcnglich sollte die Sperrung noch bis Dienstag (26.8.) um 5 Uhr andauern.<\/p>\n<p><img decoding=\"async\" alt=\"\" src=\"https:\/\/www.europesays.com\/de\/wp-content\/uploads\/2025\/08\/dscf4122.jpg&#038;crop=607x0x5466x3416&#038;resize=1280x799&#038;dt=202508211319210.jpeg\" data-size=\"1280x799\"\/>\u00a9 Christoph Wojtyczka \/ Funke Foto ServicesUmfangreiche Br\u00fcckensanierung l\u00e4uft planm\u00e4\u00dfig<\/p>\n<p>Die Vollsperrung war notwendig geworden, um wichtige Verst\u00e4rkungsarbeiten an der Berliner Br\u00fccke durchzuf\u00fchren. Die Arbeiten umfassten zwei Teilbauwerke:<\/p>\n<ul>\n<li>Ruhrbr\u00fccke:\u00a0Hier wurde ein verst\u00e4rkter L\u00e4ngstr\u00e4ger eingebaut<\/li>\n<li>Hafenbecken C:\u00a0Ein Verst\u00e4rkungsblech an einem L\u00e4ngstr\u00e4ger wurde ausgetauscht<\/li>\n<\/ul>\n<p>Diese Ma\u00dfnahmen dienen der Verbesserung des allgemeinen Bauwerkszustandes und der Erh\u00f6hung der Tragf\u00e4higkeit. Damit wird die\u00a0Verkehrssicherheit\u00a0des wichtigen Berliner Br\u00fcckenzuges langfristig gew\u00e4hrleistet.<\/p>\n<p>Sperrungen in zwei Phasen<\/p>\n<p>Die Sanierungsarbeiten wurden in zwei Phasen durchgef\u00fchrt:<\/p>\n<ol>\n<li><strong>Phase 1:<\/strong>\u00a029. Juli bis 12. August &#8211; Vollsperrung in Fahrtrichtung Duisburg<\/li>\n<li><strong>Phase 2:<\/strong>\u00a012. August bis urspr\u00fcnglich 26. August &#8211; Vollsperrung in Fahrtrichtung Dinslaken<\/li>\n<\/ol>\n<p>Die erste Phase konnte planm\u00e4\u00dfig abgeschlossen werden. Die zweite Phase endet nun vier Tage fr\u00fcher als vorgesehen, was eine deutliche Entlastung f\u00fcr den Verkehr bedeutet.<\/p>\n<p>Wichtige Verkehrsader im Ruhrgebiet<\/p>\n<p>Die A59 ist eine zentrale Verbindung zwischen Duisburg und Dinslaken und wird t\u00e4glich von tausenden Pendlern genutzt. Die vorzeitige Freigabe der Strecke d\u00fcrfte bei vielen Autofahrern f\u00fcr Erleichterung sorgen, besonders mit Blick auf das kommende Wochenende.<\/p>\n<p>Die Autobahn GmbH Niederlassung Rheinland, die f\u00fcr diesen Streckenabschnitt zust\u00e4ndig ist, betreibt insgesamt rund 1.200 Kilometer Autobahn entlang der Rheinschiene und im westlichen Ruhrgebiet.<\/p>\n","protected":false},"excerpt":{"rendered":"Ver\u00f6ffentlicht:\u00a0Donnerstag, 21.08.2025 13:24 Gute Nachrichten f\u00fcr Pendler: Die Vollsperrung der A59 zwischen dem Autobahnkreuz Duisburg und der Anschlussstelle&hellip;\n","protected":false},"author":2,"featured_media":361722,"comment_status":"","ping_status":"","sticky":false,"template":"","format":"standard","meta":{"footnotes":""},"categories":[1838],"tags":[99546,99547,99545,79426,9913,5543,13314,2461,3364,29,3715,30,1209,601],"class_list":{"0":"post-361721","1":"post","2":"type-post","3":"status-publish","4":"format-standard","5":"has-post-thumbnail","7":"category-duisburg","8":"tag-autobahn-59","9":"tag-autobahnbaustellen-2025","10":"tag-autobahnbaustellen","11":"tag-berliner-brcke","12":"tag-a59","13":"tag-autobahn","14":"tag-autobahnbaustelle","15":"tag-baustelle","16":"tag-de","17":"tag-deutschland","18":"tag-duisburg","19":"tag-germany","20":"tag-nordrhein-westfalen","21":"tag-verkehr"},"share_on_mastodon":{"url":"https:\/\/pubeurope.com\/@de\/115066519223860561","error":""},"_links":{"self":[{"href":"https:\/\/www.europesays.com\/de\/wp-json\/wp\/v2\/posts\/361721","targetHints":{"allow":["GET"]}}],"collection":[{"href":"https:\/\/www.europesays.com\/de\/wp-json\/wp\/v2\/posts"}],"about":[{"href":"https:\/\/www.europesays.com\/de\/wp-json\/wp\/v2\/types\/post"}],"author":[{"embeddable":true,"href":"https:\/\/www.europesays.com\/de\/wp-json\/wp\/v2\/users\/2"}],"replies":[{"embeddable":true,"href":"https:\/\/www.europesays.com\/de\/wp-json\/wp\/v2\/comments?post=361721"}],"version-history":[{"count":0,"href":"https:\/\/www.europesays.com\/de\/wp-json\/wp\/v2\/posts\/361721\/revisions"}],"wp:featuredmedia":[{"embeddable":true,"href":"https:\/\/www.europesays.com\/de\/wp-json\/wp\/v2\/media\/361722"}],"wp:attachment":[{"href":"https:\/\/www.europesays.com\/de\/wp-json\/wp\/v2\/media?parent=361721"}],"wp:term":[{"taxonomy":"category","embeddable":true,"href":"https:\/\/www.europesays.com\/de\/wp-json\/wp\/v2\/categories?post=361721"},{"taxonomy":"post_tag","embeddable":true,"href":"https:\/\/www.europesays.com\/de\/wp-json\/wp\/v2\/tags?post=361721"}],"curies":[{"name":"wp","href":"https:\/\/api.w.org\/{rel}","templated":true}]}}