{"id":361742,"date":"2025-08-21T11:42:11","date_gmt":"2025-08-21T11:42:11","guid":{"rendered":"https:\/\/www.europesays.com\/de\/361742\/"},"modified":"2025-08-21T11:42:11","modified_gmt":"2025-08-21T11:42:11","slug":"pol-do-schwerverletzter-mopedfahrer-nach-zusammenstoss-mit-einem-auto-in-hombruch","status":"publish","type":"post","link":"https:\/\/www.europesays.com\/de\/361742\/","title":{"rendered":"POL-DO: Schwerverletzter Mopedfahrer nach Zusammensto\u00df mit einem Auto in Hombruch"},"content":{"rendered":"<p class=\"date\">21.08.2025 \u2013 13:17<\/p>\n<p class=\"customer\">\n                        <a class=\"story-customer\" title=\"weiter zum newsroom von Polizei Dortmund\" href=\"https:\/\/www.presseportal.de\/blaulicht\/nr\/4971\" rel=\"nofollow noopener\" target=\"_blank\">Polizei Dortmund<\/a>\n                    <\/p>\n<p><a data-category=\"citylink-story-view\" data-action=\"click\" data-label=\"Citylink in Meldungsansicht\" class=\"story-city event-trigger\" href=\"https:\/\/www.presseportal.de\/regional\/Dortmund\" title=\"News aus Dortmund \" rel=\"nofollow noopener\" target=\"_blank\">Dortmund<\/a> (ots)<\/p>\n<p>Lfd. Nr.: 0734<\/p>\n<p>Am Mittwochvormittag (20. August) kam es in dem Kreisverkehr &#8222;Luisengl\u00fcck&#8220; zu einem Verkehrsunfall zwischen einer Autofahrerin und einem Mopedfahrer. Der 61-J\u00e4hrige Fahrer eines Leichtkraftrads wurde dabei schwer verletzt.<\/p>\n<p>Gegen 11 Uhr fuhr die 82-j\u00e4hrige Dortmunder mit ihrem Skoda Fabia in den Kreisverkehr auf der Stra\u00dfe &#8222;Luisengl\u00fcck&#8220; ein. Im Kreisverkehr befand sich bereits der 61-j\u00e4hrige Mopedfahrer aus Dortmund. Es kam zum Zusammensto\u00df zwischen den beiden Fahrzeugen, der 61-J\u00e4hrige st\u00fcrzte und erlitt schwere Verletzungen.<\/p>\n<p>Er wurde mit einem Rettungswagen in ein Krankenhaus gebracht.<\/p>\n<p class=\"contact-headline\">Journalisten wenden sich mit R\u00fcckfragen bitte an:<\/p>\n<p class=\"contact-text\">Polizei Dortmund<br \/>Theresa Stritzke<br \/>Telefon: 0231\/132-1026<br \/>E-Mail: <a href=\"https:\/\/www.presseportal.de\/blaulicht\/pm\/4971\/mailto: poea.dortmund@polizei.nrw.de\" class=\"uri-mailto\" rel=\"nofollow noopener\" target=\"_blank\"> poea.dortmund@polizei.nrw.de<\/a><br \/><a target=\"_blank\" class=\"uri-ext outbound\" rel=\"noopener nofollow\" href=\"https:\/\/dortmund.polizei.nrw\/\">https:\/\/dortmund.polizei.nrw\/<\/a><\/p>\n<p class=\"originator\">Original-Content von: Polizei Dortmund, \u00fcbermittelt durch news aktuell<\/p>\n","protected":false},"excerpt":{"rendered":"21.08.2025 \u2013 13:17 Polizei Dortmund Dortmund (ots) Lfd. Nr.: 0734 Am Mittwochvormittag (20. August) kam es in dem&hellip;\n","protected":false},"author":2,"featured_media":320445,"comment_status":"","ping_status":"","sticky":false,"template":"","format":"standard","meta":{"footnotes":""},"categories":[1833],"tags":[3364,29,217,30,177,1209,176,121,178,180,179,181],"class_list":{"0":"post-361742","1":"post","2":"type-post","3":"status-publish","4":"format-standard","5":"has-post-thumbnail","7":"category-dortmund","8":"tag-de","9":"tag-deutschland","10":"tag-dortmund","11":"tag-germany","12":"tag-kriminalitt","13":"tag-nordrhein-westfalen","14":"tag-nrw","15":"tag-polizei","16":"tag-presse","17":"tag-pressemeldung","18":"tag-pressemitteilung","19":"tag-pressemitteilungen"},"share_on_mastodon":{"url":"https:\/\/pubeurope.com\/@de\/115066578128559636","error":""},"_links":{"self":[{"href":"https:\/\/www.europesays.com\/de\/wp-json\/wp\/v2\/posts\/361742","targetHints":{"allow":["GET"]}}],"collection":[{"href":"https:\/\/www.europesays.com\/de\/wp-json\/wp\/v2\/posts"}],"about":[{"href":"https:\/\/www.europesays.com\/de\/wp-json\/wp\/v2\/types\/post"}],"author":[{"embeddable":true,"href":"https:\/\/www.europesays.com\/de\/wp-json\/wp\/v2\/users\/2"}],"replies":[{"embeddable":true,"href":"https:\/\/www.europesays.com\/de\/wp-json\/wp\/v2\/comments?post=361742"}],"version-history":[{"count":0,"href":"https:\/\/www.europesays.com\/de\/wp-json\/wp\/v2\/posts\/361742\/revisions"}],"wp:featuredmedia":[{"embeddable":true,"href":"https:\/\/www.europesays.com\/de\/wp-json\/wp\/v2\/media\/320445"}],"wp:attachment":[{"href":"https:\/\/www.europesays.com\/de\/wp-json\/wp\/v2\/media?parent=361742"}],"wp:term":[{"taxonomy":"category","embeddable":true,"href":"https:\/\/www.europesays.com\/de\/wp-json\/wp\/v2\/categories?post=361742"},{"taxonomy":"post_tag","embeddable":true,"href":"https:\/\/www.europesays.com\/de\/wp-json\/wp\/v2\/tags?post=361742"}],"curies":[{"name":"wp","href":"https:\/\/api.w.org\/{rel}","templated":true}]}}