{"id":361953,"date":"2025-08-21T13:33:10","date_gmt":"2025-08-21T13:33:10","guid":{"rendered":"https:\/\/www.europesays.com\/de\/361953\/"},"modified":"2025-08-21T13:33:10","modified_gmt":"2025-08-21T13:33:10","slug":"apple-watch-eine-uhr-fuer-fast-alle-faelle-mac-i-podcast","status":"publish","type":"post","link":"https:\/\/www.europesays.com\/de\/361953\/","title":{"rendered":"Apple Watch \u2013 eine Uhr f\u00fcr (fast) alle F\u00e4lle | Mac &#038; i-Podcast"},"content":{"rendered":"<p>Taugt das Handgelenk als Ort f\u00fcr einen Computer? Durchaus, wie die Apple Watch unter Beweis stellt. Mit einer Armbanduhr stie\u00df Apple vor \u00fcber 10 Jahren in den Markt f\u00fcr Wearables vor, der Start war holprig. Doch der Hersteller besserte schnell wie konstant nach \u2013 bei Hardware wie Software \u2013 und erzielte alsbald einen gro\u00dfen Durchbruch: Eine EKG-Funktion verwandelt die Watch in ein Medizinger\u00e4t und zugleich einen potenziellen Lebensretter. Einen weiteren Health-Meilenstein dieses Kalibers konnte Apple seitdem nicht mehr liefern, doch die Watch entwickelt sich kontinuierlich weiter \u2013 und drei neue Modellgenerationen stehen vor der T\u00fcr.<\/p>\n<p>In Episode 103 werfen Malte Kirchner und Leo Becker einen Blick zur\u00fcck auf die fr\u00fchen Watch-Jahre sowie die anschlie\u00dfenden zentralen Entwicklungsschritte. Dabei besch\u00e4ftigen uns auch Sinn und Unsinn der wachsenden Zahl an Gesundheits-, Fitness- und Sicherheitsfunktionen \u2013 sowie der Alltagsnutzen und die verbliebenen Mankos. Thema ist au\u00dferdem, warum die Watch nie zu einer riesigen App-Plattform wurde und wir sprechen \u00fcber die Interoperabilit\u00e4tsvorgaben der EU. Diese sollen f\u00fcr andere Smartwatches einen vergleichbaren iPhone-Zugang schaffen und k\u00f6nnten so erstmals ernsthafte Konkurrenz f\u00fcr die Apple Watch bringen.<\/p>\n<p>Apple-Themen \u2013 immer ausf\u00fchrlich<\/p>\n<p>Der Apple-Podcast von Mac &amp; i erscheint mit dem Moderatoren-Duo Malte Kirchner und Leo Becker im Zweiwochenrhythmus und l\u00e4sst sich per RSS-Feed (<a href=\"feed:https:\/\/mac-and-i.podigee.io\/feed\/mp3\" rel=\"external noopener\" target=\"_blank\">Audio<\/a> oder <a href=\"https:\/\/www.heise.de\/mac-and-i\/mac-and-i-podcast.rss\" rel=\"nofollow noopener\" target=\"_blank\">Video<\/a>) mit jeder Podcast-App der Wahl abonnieren \u2013 von Apple Podcasts \u00fcber Overcast bis Pocket Casts.<\/p>\n<p>Zum Ansehen oder Anh\u00f6ren findet man ihn auch in Apples Podcast-Verzeichnis (<a href=\"https:\/\/podcasts.apple.com\/de\/podcast\/mac-i\/id1499510618\" rel=\"external noopener nofollow\" target=\"_blank\">Audio<\/a> oder <a href=\"https:\/\/podcasts.apple.com\/de\/podcast\/mac-i-video\/id1503360567\" rel=\"external noopener nofollow\" target=\"_blank\">Video<\/a>) und bei <a href=\"https:\/\/open.spotify.com\/show\/5Tcgc97HvYREYM7kIRsxii\" rel=\"external noopener nofollow\" target=\"_blank\">Spotify<\/a>. Wir freuen uns \u00fcber Feedback, Kritik und Fragen an <a href=\"https:\/\/www.heise.de\/news\/mailto:podcast@mac-and-i.de\" rel=\"nofollow noopener\" target=\"_blank\">podcast@mac-and-i.de<\/a>.<\/p>\n<p>(<a class=\"redakteurskuerzel__link\" href=\"https:\/\/www.heise.de\/news\/mailto:lbe@heise.de\" title=\"Leo Becker\" rel=\"nofollow noopener\" target=\"_blank\">lbe<\/a>)<\/p>\n<p>\n      Dieser Link ist leider nicht mehr g\u00fcltig.\n    <\/p>\n<p>Links zu verschenkten Artikeln werden ung\u00fcltig,<br \/>\n      wenn diese \u00e4lter als 7\u00a0Tage sind oder zu oft aufgerufen wurden.\n    <\/p>\n<p><strong>Sie ben\u00f6tigen ein heise+ Paket, um diesen Artikel zu lesen. Jetzt eine Woche unverbindlich testen \u2013 ohne Verpflichtung!<\/strong><\/p>\n","protected":false},"excerpt":{"rendered":"Taugt das Handgelenk als Ort f\u00fcr einen Computer? Durchaus, wie die Apple Watch unter Beweis stellt. Mit einer&hellip;\n","protected":false},"author":2,"featured_media":361954,"comment_status":"","ping_status":"","sticky":false,"template":"","format":"standard","meta":{"footnotes":""},"categories":[135],"tags":[231,32395,29,30,196,38687,1273,190,189,42957,194,191,53180,193,192],"class_list":{"0":"post-361953","1":"post","2":"type-post","3":"status-publish","4":"format-standard","5":"has-post-thumbnail","7":"category-wissenschaft-technik","8":"tag-apple","9":"tag-apple-watch","10":"tag-deutschland","11":"tag-germany","12":"tag-it","13":"tag-mac-i-podcast","14":"tag-mobiles","15":"tag-science","16":"tag-science-technology","17":"tag-smartwatch","18":"tag-technik","19":"tag-technology","20":"tag-watchos","21":"tag-wissenschaft","22":"tag-wissenschaft-technik"},"share_on_mastodon":{"url":"https:\/\/pubeurope.com\/@de\/115067014752833565","error":""},"_links":{"self":[{"href":"https:\/\/www.europesays.com\/de\/wp-json\/wp\/v2\/posts\/361953","targetHints":{"allow":["GET"]}}],"collection":[{"href":"https:\/\/www.europesays.com\/de\/wp-json\/wp\/v2\/posts"}],"about":[{"href":"https:\/\/www.europesays.com\/de\/wp-json\/wp\/v2\/types\/post"}],"author":[{"embeddable":true,"href":"https:\/\/www.europesays.com\/de\/wp-json\/wp\/v2\/users\/2"}],"replies":[{"embeddable":true,"href":"https:\/\/www.europesays.com\/de\/wp-json\/wp\/v2\/comments?post=361953"}],"version-history":[{"count":0,"href":"https:\/\/www.europesays.com\/de\/wp-json\/wp\/v2\/posts\/361953\/revisions"}],"wp:featuredmedia":[{"embeddable":true,"href":"https:\/\/www.europesays.com\/de\/wp-json\/wp\/v2\/media\/361954"}],"wp:attachment":[{"href":"https:\/\/www.europesays.com\/de\/wp-json\/wp\/v2\/media?parent=361953"}],"wp:term":[{"taxonomy":"category","embeddable":true,"href":"https:\/\/www.europesays.com\/de\/wp-json\/wp\/v2\/categories?post=361953"},{"taxonomy":"post_tag","embeddable":true,"href":"https:\/\/www.europesays.com\/de\/wp-json\/wp\/v2\/tags?post=361953"}],"curies":[{"name":"wp","href":"https:\/\/api.w.org\/{rel}","templated":true}]}}