{"id":361959,"date":"2025-08-21T13:37:10","date_gmt":"2025-08-21T13:37:10","guid":{"rendered":"https:\/\/www.europesays.com\/de\/361959\/"},"modified":"2025-08-21T13:37:10","modified_gmt":"2025-08-21T13:37:10","slug":"mutmasslicher-saboteur-der-nord-stream-pipelines-in-italien-gefasst","status":"publish","type":"post","link":"https:\/\/www.europesays.com\/de\/361959\/","title":{"rendered":"Mutma\u00dflicher Saboteur der Nord-Stream-Pipelines in Italien gefasst"},"content":{"rendered":"<p class=\"tspB0l2 tspB0l3\">Ein Ukrainer, der an der <a href=\"https:\/\/www.tagesspiegel.de\/internationales\/geruchte-um-wiederaufnahme-von-nord-stream-auch-die-russen-ratseln-was-die-usa-vorhaben-13307227.html?icid=in-text-link_14208041\" class=\"link link--internal\" data-gtm-class=\"article-text-link\" data-gtm-val=\"internal\" target=\"_blank\" rel=\"noopener\">Sprengung der Nord-Stream-Pipelines<\/a> beteiligt gewesen sein soll, ist gefasst. <a href=\"https:\/\/www.generalbundesanwalt.de\/SharedDocs\/Pressemitteilungen\/DE\/2025\/Pressemitteilung-vom-21-08-2025.html?nn=478184\" target=\"_blank\" rel=\"noopener\" class=\"link link--external\" data-gtm-class=\"article-text-link\" data-gtm-val=\"external\" aria-describedby=\"message-target-blank\">Nach Angaben der Bundesanwaltschaft<\/a> <strong>nahmen italienische Polizisten Serhij K. in der Nacht auf Donnerstag in der Gegend von Rimini fest<\/strong>. Er wurde mit einem europ\u00e4ischen Haftbefehl gesucht, der erst am Montag vom Ermittlungsrichter des Bundesgerichtshofs ausgestellt worden war.<\/p>\n<p class=\"tspB0l2\">Laut einem italienischen Medienbericht<strong> befand er sich im Urlaub<\/strong>, als er von der Polizei gestellt wurde. Der Nachrichtenagentur Ansa zufolge hielt sich der 49 Jahre alte Mann seit einigen Tagen mit seiner Familie an der Adria-K\u00fcste auf. Nach der Festnahme sei er ins Gef\u00e4ngnis gebracht worden. Die Entscheidung \u00fcber die Vollstreckung des vorliegenden europ\u00e4ischen Haftbefehls liege nun beim Berufungsgericht der norditalienischen Stadt Bologna.<\/p>\n<p class=\"tspB0l2\"><strong>Offensichtlich sei bei einer Kontrolle festgestellt worden, dass es sich um den europaweit gesuchten Mann handele<\/strong>, hie\u00df es. Von offizieller Seite gab es auf dpa-Anfrage zun\u00e4chst keine Best\u00e4tigung. Wegen der internationalen Bedeutung des Falles ist auch die italienische Regierung damit befasst.<\/p>\n<p class=\"tspB0l2\">Die Bundesanwaltschaft wirft dem Ukrainer gemeinschaftliches Herbeif\u00fchren einer Sprengstoffexplosion, verfassungsfeindliche Sabotage und Zerst\u00f6rung von Bauwerken vor.<\/p>\n<p>Ukraine-Update<\/p>\n<p class=\"tspCIn8\"> Mit unserem Update-Newsletter zum Ukraine-Krieg erhalten Sie aktuelle Nachrichten, wichtige Hintergr\u00fcnde und exklusive Analysen von den Expertinnen und Experten des Tagesspiegels. <\/p>\n<p class=\"tspB0l2\">Serhij K. geh\u00f6rte demnach zu einer Gruppe von Personen, die im September 2022 nahe der Ostsee-Insel Bornholm Sprengs\u00e4tze an den Gaspipelines Nord Stream 1 und Nord Stream 2 platzierte. <\/p>\n<p class=\"tspB0l2\"><strong>Laut Bundesanwaltschaft handelt es sich beim Ukrainer mutma\u00dflich um einen der Koordinatoren der Operation<\/strong>. F\u00fcr den Transport h\u00e4tten Serhij K. und seine Mitt\u00e4ter eine Segelyacht genutzt, die von Rostock aus startete. Die Yacht sei zuvor mithilfe gef\u00e4lschter Ausweispapiere \u00fcber Mittelsm\u00e4nner bei einem deutschen Unternehmen angemietet worden. <\/p>\n<p class=\"tspB0l2\">Der Beschuldigte werde nach einer \u00dcberstellung aus Italien dem Ermittlungsrichter des Bundesgerichtshofs vorgef\u00fchrt, so die Bundesanwaltschaft.<\/p>\n<p class=\"tspB0l2\"><strong>Mehrere Sprengungen hatten die beiden Gaspipelines Nord Stream 1 und 2 Ende September 2022 besch\u00e4digt und unterbrochen.<\/strong> <a href=\"https:\/\/www.tagesspiegel.de\/gesellschaft\/ratsel-um-nord-stream-anschlag-gelost-was-wir-uber-die-drei-verdachtigen-taucher-wissen-12194132.html?icid=in-text-link_14208041\" class=\"link link--internal\" data-gtm-class=\"article-text-link\" data-gtm-val=\"internal\" target=\"_blank\" rel=\"noopener\">Die Explosionen wurden in der N\u00e4he von Bornholm registriert.<\/a> Wenig sp\u00e4ter entdeckte man vier Lecks an drei der insgesamt vier Leitungen der Nord-Stream-Pipelines. Durch Nord Stream 1 floss zuvor russisches Erdgas nach Deutschland. Nord Stream 2 war wegen des russischen Angriffskrieges gegen die Ukraine und der folgenden politischen Streitigkeiten noch nicht in Betrieb.\u00a0<\/p>\n<p> Mehr auf Tagesspiegel.de <a href=\"https:\/\/www.tagesspiegel.de\/politik\/angriffe-auf-kritische-infrastruktur-wenn-es-dann-knallt-ist-der-schock-umso-grosser-13618873.html?icid=topic-list_14208041___\" data-gtm-class=\"article-mzt-link\" class=\"tspB5mg\" target=\"_blank\" rel=\"noopener\">Angriffe auf kritische Infrastruktur \u201eWenn es dann knallt, ist der Schock umso gr\u00f6\u00dfer\u201c <\/a><a href=\"https:\/\/www.tagesspiegel.de\/politik\/nicht-wieder-die-alte-russland-connection-grune-wollen-nord-stream-pipelines-endgultig-stilllegen-13727425.html?icid=topic-list_14208041___\" data-gtm-class=\"article-mzt-link\" class=\"tspB5mg\" target=\"_blank\" rel=\"noopener\">\u201eNicht wieder die alte Russland-Connection\u201c Gr\u00fcne wollen Nord-Stream-Pipelines endg\u00fcltig stilllegen <\/a><a href=\"https:\/\/www.tagesspiegel.de\/wirtschaft\/gesprengte-ostsee-pipeline-nord-stream-2-konnte-ein-uberraschendes-comeback-vor-sich-haben-13147876.html?icid=topic-list_14208041___\" data-gtm-class=\"article-mzt-link\" class=\"tspB5mg\" target=\"_blank\" rel=\"noopener\">Gesprengte Ostsee-Pipeline Nord Stream 2 k\u00f6nnte vor einem Comeback stehen <\/a><\/p>\n<p class=\"tspB0l2\">Nach der Tat kam schnell die Frage auf, <a href=\"https:\/\/www.tagesspiegel.de\/internationales\/haftbefehl-nach-nord-stream-anschlagen-tatverdachtiger-ukrainer-taucht-in-seiner-heimat-unter-12193481.html?icid=in-text-link_14208041\" class=\"link link--internal\" data-gtm-class=\"article-text-link\" data-gtm-val=\"internal\" target=\"_blank\" rel=\"noopener\">wie die Sprengladungen wohl angebracht wurden<\/a>, um die Leitungen der Pipelines zu besch\u00e4digen. Experten hielten es f\u00fcr wahrscheinlich, dass ausgebildete Taucher Sprengs\u00e4tze an den Orten angebracht haben k\u00f6nnten. Die Beh\u00f6rden mehrerer L\u00e4nder hatten nach dem Anschlag Ermittlungen aufgenommen. D\u00e4nemark und Schweden stellten die Verfahren aber ein. (Tsp, dpa)<\/p>\n","protected":false},"excerpt":{"rendered":"Ein Ukrainer, der an der Sprengung der Nord-Stream-Pipelines beteiligt gewesen sein soll, ist gefasst. Nach Angaben der Bundesanwaltschaft&hellip;\n","protected":false},"author":2,"featured_media":361960,"comment_status":"","ping_status":"","sticky":false,"template":"","format":"standard","meta":{"footnotes":""},"categories":[5],"tags":[553,13,355,14,15,49882,50242,307,12,10,8,9,11,317,312],"class_list":{"0":"post-361959","1":"post","2":"type-post","3":"status-publish","4":"format-standard","5":"has-post-thumbnail","7":"category-nachrichten","8":"tag-familie","9":"tag-headlines","10":"tag-italien","11":"tag-nachrichten","12":"tag-news","13":"tag-nord-stream","14":"tag-nord-stream-2","15":"tag-russland","16":"tag-schlagzeilen","17":"tag-top-news","18":"tag-top-meldungen","19":"tag-topmeldungen","20":"tag-topnews","21":"tag-ukraine","22":"tag-ukrainekrieg"},"share_on_mastodon":{"url":"https:\/\/pubeurope.com\/@de\/115067030443745157","error":""},"_links":{"self":[{"href":"https:\/\/www.europesays.com\/de\/wp-json\/wp\/v2\/posts\/361959","targetHints":{"allow":["GET"]}}],"collection":[{"href":"https:\/\/www.europesays.com\/de\/wp-json\/wp\/v2\/posts"}],"about":[{"href":"https:\/\/www.europesays.com\/de\/wp-json\/wp\/v2\/types\/post"}],"author":[{"embeddable":true,"href":"https:\/\/www.europesays.com\/de\/wp-json\/wp\/v2\/users\/2"}],"replies":[{"embeddable":true,"href":"https:\/\/www.europesays.com\/de\/wp-json\/wp\/v2\/comments?post=361959"}],"version-history":[{"count":0,"href":"https:\/\/www.europesays.com\/de\/wp-json\/wp\/v2\/posts\/361959\/revisions"}],"wp:featuredmedia":[{"embeddable":true,"href":"https:\/\/www.europesays.com\/de\/wp-json\/wp\/v2\/media\/361960"}],"wp:attachment":[{"href":"https:\/\/www.europesays.com\/de\/wp-json\/wp\/v2\/media?parent=361959"}],"wp:term":[{"taxonomy":"category","embeddable":true,"href":"https:\/\/www.europesays.com\/de\/wp-json\/wp\/v2\/categories?post=361959"},{"taxonomy":"post_tag","embeddable":true,"href":"https:\/\/www.europesays.com\/de\/wp-json\/wp\/v2\/tags?post=361959"}],"curies":[{"name":"wp","href":"https:\/\/api.w.org\/{rel}","templated":true}]}}